{"id":10155,"date":"2023-03-30T13:06:00","date_gmt":"2023-03-30T16:06:00","guid":{"rendered":"https:\/\/www.visionweb.com.ar\/?p=10155"},"modified":"2023-03-30T13:06:00","modified_gmt":"2023-03-30T16:06:00","slug":"rumbo-a-las-paso-larreta-confirmo-que-el-pro-ira-con-un-solo-candidato-en-la-ciudad","status":"publish","type":"post","link":"https:\/\/www.visionweb.com.ar\/?p=10155","title":{"rendered":"Rumbo a las PASO: Larreta confirm\u00f3 que el PRO ir\u00e1 con un solo candidato en la Ciudad"},"content":{"rendered":"<p><em><strong>\u201cDesde el PRO la decisi\u00f3n es tener un solo candidato\u201d, dijo Larreta esta ma\u00f1ana. Por su parte \u00a0Lousteau (UCR)\u00a0ayer confirm\u00f3 que sigue en carrera.<\/strong><\/em><!--more--><\/p>\n<p><strong><img loading=\"lazy\" decoding=\"async\" class=\"size-full wp-image-10156 alignright\" src=\"https:\/\/www.visionweb.com.ar\/wp-content\/uploads\/2023\/03\/Larreta.png\" alt=\"\" width=\"240\" height=\"160\" \/>\u00a0\u00a0 E<\/strong>l jefe de Gobierno porte\u00f1o,\u00a0<strong>Horacio Rodr\u00edguez Larreta<\/strong>,\u00a0<strong>confirm\u00f3 hoy que el PRO tendr\u00e1 un solo candidato rumbo a las primarias abiertas, simult\u00e1neas y obligatorias\u00a0<\/strong>(PASO) de agosto, para elegir a su sucesor al frente del Ejecutivo de la ciudad de Buenos Aires.<\/p>\n<p>\u201cDesde el PRO la decisi\u00f3n es tener un solo candidato.\u00a0<strong>Vamos a ir evaluando en las pr\u00f3ximas semanas cu\u00e1l es la mejor oferta electoral para continuar el proyecto que inici\u00f3 Mauricio Macri\u00a0<\/strong>y que continu\u00e9 yo en la ciudad de Buenos Aires\u201d, dijo esta ma\u00f1ana Larreta al presentar detalles de la iniciativa \u201cSin educaci\u00f3n no hay plan\u201d.<\/p>\n<p>En el acto, Soledad Acu\u00f1a, por su parte afirm\u00f3: \u201cSeguimos trabajando para la continuidad de este proyecto (educativo), pero vamos a priorizar que haya un solo candidato del PRO para las internas\u201d.<\/p>\n<p>En los \u00faltimos d\u00edas, el expresidente Mauricio Macri pidi\u00f3 p\u00fablicamente que ese candidato sea su primo, el ministro de Gobierno local<strong>\u00a0Jorge Macri<\/strong>, y tambi\u00e9n se expres\u00f3 en el mismo sentido la titular del PRO,\u00a0<strong>Patricia Bullrich<\/strong>.<\/p>\n<p>Larreta tambi\u00e9n aclar\u00f3 que su \u201cpredilecci\u00f3n\u201d para su sucesi\u00f3n en la Ciudad es \u201calguien del PRO\u201d, tras la fuerte presi\u00f3n ejercida por Mauricio Macri para que tambi\u00e9n decline su postulaci\u00f3n el candidato del radicalismo, Mart\u00edn Lousteau.<\/p>\n<p><strong>Lousteau<\/strong>\u00a0ayer respondi\u00f3 que sigue en carrera y que pretende dirimir en las PASO frente a un candidato del PRO qui\u00e9n representar\u00e1 a Juntos por el Cambio en las elecciones generales.<\/p>\n<p>Durante el acto de esta ma\u00f1ana, donde el Gobierno porte\u00f1o anunci\u00f3 medidas de ayuda y seguimiento a las familias para reducir el ausentismo escolar,\u00a0<strong>Larreta celebr\u00f3 la reuni\u00f3n entre el presidente Alberto Fern\u00e1ndez y su par estadounidense, Joe Biden<\/strong>, al se\u00f1alar que \u201csiempre es bueno relacionarnos con otros pa\u00edses del mundo\u201d.<\/p>\n<p>Sin embargo, marc\u00f3 que \u201csi algo requiere la inserci\u00f3n en el mundo es coherencia\u201d y cuestion\u00f3 que \u201cmientras el Presidente estaba en Estados Unidos, la Vicepresidenta (Cristina Kirchner) denuncia a Estados Unidos\u201d.<\/p>\n<p>Larreta se refiri\u00f3 as\u00ed a lo expresado por\u00a0Cristina Kirchner\u00a0por la red social Twitter ayer a la tarde, cuando advirti\u00f3 que \u201cdesde el Norte le llegan refuerzos al Partido Judicial y a Comodoro Py\u201d para concretar su \u201cproscripci\u00f3n\u201d, al hacer referencia al pedido de un senador republicano de Estados Unidos para que se la sancione por la condena en su contra en la causa conocida como Vialidad. Para Larreta, \u201ccon estas contradicciones vamos para atr\u00e1s\u201d. <strong>(VW)<\/strong><\/p>\n<p>&nbsp;<\/p>\n","protected":false},"excerpt":{"rendered":"<p>\u201cDesde el PRO la decisi\u00f3n es tener un solo candidato\u201d, dijo Larreta esta ma\u00f1ana. Por su parte \u00a0Lousteau (UCR)\u00a0ayer confirm\u00f3 que sigue en carrera.<\/p>\n","protected":false},"author":4,"featured_media":10156,"comment_status":"closed","ping_status":"closed","sticky":false,"template":"","format":"standard","meta":{"_monsterinsights_skip_tracking":false,"_monsterinsights_sitenote_active":false,"_monsterinsights_sitenote_note":"","_monsterinsights_sitenote_category":0,"footnotes":""},"categories":[4],"tags":[4206,184,4207],"class_list":["post-10155","post","type-post","status-publish","format-standard","has-post-thumbnail","hentry","category-politica","tag-candidato-a-jefe-de-gobierno","tag-larreta","tag-un-candidato-a-las-paso"],"_links":{"self":[{"href":"https:\/\/www.visionweb.com.ar\/index.php?rest_route=\/wp\/v2\/posts\/10155","targetHints":{"allow":["GET"]}}],"collection":[{"href":"https:\/\/www.visionweb.com.ar\/index.php?rest_route=\/wp\/v2\/posts"}],"about":[{"href":"https:\/\/www.visionweb.com.ar\/index.php?rest_route=\/wp\/v2\/types\/post"}],"author":[{"embeddable":true,"href":"https:\/\/www.visionweb.com.ar\/index.php?rest_route=\/wp\/v2\/users\/4"}],"replies":[{"embeddable":true,"href":"https:\/\/www.visionweb.com.ar\/index.php?rest_route=%2Fwp%2Fv2%2Fcomments&post=10155"}],"version-history":[{"count":1,"href":"https:\/\/www.visionweb.com.ar\/index.php?rest_route=\/wp\/v2\/posts\/10155\/revisions"}],"predecessor-version":[{"id":10157,"href":"https:\/\/www.visionweb.com.ar\/index.php?rest_route=\/wp\/v2\/posts\/10155\/revisions\/10157"}],"wp:featuredmedia":[{"embeddable":true,"href":"https:\/\/www.visionweb.com.ar\/index.php?rest_route=\/wp\/v2\/media\/10156"}],"wp:attachment":[{"href":"https:\/\/www.visionweb.com.ar\/index.php?rest_route=%2Fwp%2Fv2%2Fmedia&parent=10155"}],"wp:term":[{"taxonomy":"category","embeddable":true,"href":"https:\/\/www.visionweb.com.ar\/index.php?rest_route=%2Fwp%2Fv2%2Fcategories&post=10155"},{"taxonomy":"post_tag","embeddable":true,"href":"https:\/\/www.visionweb.com.ar\/index.php?rest_route=%2Fwp%2Fv2%2Ftags&post=10155"}],"curies":[{"name":"wp","href":"https:\/\/api.w.org\/{rel}","templated":true}]}}