{"id":10151,"date":"2023-03-30T12:15:56","date_gmt":"2023-03-30T15:15:56","guid":{"rendered":"https:\/\/www.visionweb.com.ar\/?p=10151"},"modified":"2023-03-30T12:15:56","modified_gmt":"2023-03-30T15:15:56","slug":"kicillof-lanzo-el-programa-municipios-a-la-obra-junto-a-intendentes-oficialistas","status":"publish","type":"post","link":"https:\/\/www.visionweb.com.ar\/?p=10151","title":{"rendered":"Kicillof lanz\u00f3 el programa \u2019Municipios a la Obra\u2019 junto a intendentes oficialistas"},"content":{"rendered":"<p><em><strong>El programa Municipios a la Obra este a\u00f1o repartir\u00e1 hasta $45.500 millones de pesos a las comunas, para financiar \u00abtotal o parcialmente\u00bb obras de infraestructura.<\/strong><\/em><!--more--><\/p>\n<p><strong> <img loading=\"lazy\" decoding=\"async\" class=\"size-full wp-image-10153 alignright\" src=\"https:\/\/www.visionweb.com.ar\/wp-content\/uploads\/2023\/03\/kicilof-municipios-a-la-obra.png\" alt=\"\" width=\"228\" height=\"128\" \/> E<\/strong>l gobernador de la Provincia, Axel Kicillof present\u00f3 el programa provincial \u201cMunicipios a la Obra\u201d, en presencia de intendentes bonaerenses, con quienes mantuvo reuni\u00f3n este jueves desde las 9 horas en el Sal\u00f3n Dorado de la Casa de Gobierno, y firm\u00f3 la primera ronda del programa, que es una reconversi\u00f3n de lo que fue el plan llamado Fondo de Infraestructura Municipal.<\/p>\n<p>En plena antesala de campa\u00f1a electoral, donde el actual Gobernador se perfila como uno de los cuadros centrales para candidaturas, el foco es la obra p\u00fablica para reafirmar el voto de confianza en su gesti\u00f3n.<\/p>\n<p>El programa Municipios a la Obra\u00a0se refiere al ex Fondo de Infraestructura Municipal (FIM) que este a\u00f1o repartir\u00e1 hasta cuarenta y cinco mil quinientos millones de pesos ($45.500.000.000) a las comunas, para financiar \u00abtotal o parcialmente\u00bb obras de infraestructura.<\/p>\n<p>En esta nueva versi\u00f3n, incluida en el Presupuesto 2023, la Provincia tiene previsto girar a los 135 distritos la suma de 45.500 millones de pesos para la puesta en marcha de obras p\u00fablicas pedidas exclusivamente por los intendentes.<\/p>\n<p>El acto, que comenz\u00f3 pasadas las 9.30, fue encabezado por el gobernador de la provincia de Buenos Aires,\u00a0<strong>Axel Kicillof<\/strong>, el ministro de Infraestructura y Servicios P\u00fablicos,\u00a0<strong>Leonardo Nardini<\/strong>, la ministra de Gobierno, <strong>Cristina \u00c1lvarez Rodr\u00edguez<\/strong>, y el de Finanzas,\u00a0<strong>Pablo L\u00f3pez<\/strong>. A la jornada fueron invitados los 30 jefes comunales del conurbano bonaerense, pero hubo ausentes.<\/p>\n<p>\u00abNecesitamos que todos firmen el convenio para poder recibir el 30% de anticipo que se hab\u00eda comprometido en marzo durante la votaci\u00f3n del Presupuesto\u00bb, expres\u00f3 Nardini al comienzo. Seg\u00fan la Resoluci\u00f3n de su cartera, hasta el 31 de marzo la Provincia tiene tiempo de enviar el 30% de lo asignado a cada municipio en concepto de anticipo.<\/p>\n<p>Una vez que los gobiernos locales presenten toda la documentaci\u00f3n y cumplan con los requisitos podr\u00e1n pedir un 10% m\u00e1s antes del 30 de abril. El resto de los desembolsos quedar\u00e1n condicionadas por la presentaci\u00f3n de los avances y de las rendiciones de cuentas correspondientes.<\/p>\n<p>A pesar de que fueron invitados, algunos jefes comunales del PRO indicaron su ausencia a modo de protesta por la falta de cumplimiento de acuerdos de parte del Gobernador que, aseguran, no los quiere recibir.\u00a0\u00a0<strong>(VW)<\/strong><\/p>\n","protected":false},"excerpt":{"rendered":"<p>El programa Municipios a la Obra este a\u00f1o repartir\u00e1 hasta $45.500 millones de pesos a las comunas, para financiar \u00abtotal o parcialmente\u00bb obras de infraestructura.<\/p>\n","protected":false},"author":4,"featured_media":10153,"comment_status":"closed","ping_status":"closed","sticky":false,"template":"","format":"standard","meta":{"_monsterinsights_skip_tracking":false,"_monsterinsights_sitenote_active":false,"_monsterinsights_sitenote_note":"","_monsterinsights_sitenote_category":0,"footnotes":""},"categories":[4],"tags":[4205,185,167,4204],"class_list":["post-10151","post","type-post","status-publish","format-standard","has-post-thumbnail","hentry","category-politica","tag-acto","tag-coparticipacion","tag-kicillof","tag-municipios-a-la-obra"],"_links":{"self":[{"href":"https:\/\/www.visionweb.com.ar\/index.php?rest_route=\/wp\/v2\/posts\/10151","targetHints":{"allow":["GET"]}}],"collection":[{"href":"https:\/\/www.visionweb.com.ar\/index.php?rest_route=\/wp\/v2\/posts"}],"about":[{"href":"https:\/\/www.visionweb.com.ar\/index.php?rest_route=\/wp\/v2\/types\/post"}],"author":[{"embeddable":true,"href":"https:\/\/www.visionweb.com.ar\/index.php?rest_route=\/wp\/v2\/users\/4"}],"replies":[{"embeddable":true,"href":"https:\/\/www.visionweb.com.ar\/index.php?rest_route=%2Fwp%2Fv2%2Fcomments&post=10151"}],"version-history":[{"count":2,"href":"https:\/\/www.visionweb.com.ar\/index.php?rest_route=\/wp\/v2\/posts\/10151\/revisions"}],"predecessor-version":[{"id":10154,"href":"https:\/\/www.visionweb.com.ar\/index.php?rest_route=\/wp\/v2\/posts\/10151\/revisions\/10154"}],"wp:featuredmedia":[{"embeddable":true,"href":"https:\/\/www.visionweb.com.ar\/index.php?rest_route=\/wp\/v2\/media\/10153"}],"wp:attachment":[{"href":"https:\/\/www.visionweb.com.ar\/index.php?rest_route=%2Fwp%2Fv2%2Fmedia&parent=10151"}],"wp:term":[{"taxonomy":"category","embeddable":true,"href":"https:\/\/www.visionweb.com.ar\/index.php?rest_route=%2Fwp%2Fv2%2Fcategories&post=10151"},{"taxonomy":"post_tag","embeddable":true,"href":"https:\/\/www.visionweb.com.ar\/index.php?rest_route=%2Fwp%2Fv2%2Ftags&post=10151"}],"curies":[{"name":"wp","href":"https:\/\/api.w.org\/{rel}","templated":true}]}}