{"id":10145,"date":"2023-03-30T10:15:43","date_gmt":"2023-03-30T13:15:43","guid":{"rendered":"https:\/\/www.visionweb.com.ar\/?p=10145"},"modified":"2023-03-30T10:25:09","modified_gmt":"2023-03-30T13:25:09","slug":"lomas-de-zamoa-haran-una-vigilia-en-lomas-para-recordar-a-los-caidos-en-malvinas","status":"publish","type":"post","link":"https:\/\/www.visionweb.com.ar\/?p=10145","title":{"rendered":"Lomas de Zamora: Har\u00e1n homenajes y vigilia para recordar a los ca\u00eddos en Malvinas"},"content":{"rendered":"<p><strong><em>Este fin de semana habr\u00e1 varias actividades en Lomas de Zamora por el D\u00eda del Veterano y de los Ca\u00eddos de Malvinas.<\/em><\/strong><!--more--><\/p>\n<p><strong><img loading=\"lazy\" decoding=\"async\" class=\"size-medium wp-image-10146 alignright\" src=\"https:\/\/www.visionweb.com.ar\/wp-content\/uploads\/2023\/03\/lomas-malvinas-300x158.png\" alt=\"\" width=\"300\" height=\"158\" srcset=\"https:\/\/www.visionweb.com.ar\/wp-content\/uploads\/2023\/03\/lomas-malvinas-300x158.png 300w, https:\/\/www.visionweb.com.ar\/wp-content\/uploads\/2023\/03\/lomas-malvinas.png 480w\" sizes=\"auto, (max-width: 300px) 100vw, 300px\" \/>\u00a0 E<\/strong>l\u00a0Municipio de<strong> Lomas de Zamora<\/strong>\u00a0realizar\u00e1 durante el fin de semana una pe\u00f1a con actividades para toda la familia por el\u00a0<strong>D\u00eda del Veterano y de los Ca\u00eddos de Malvinas<\/strong>, y durante la vigilia, en la que <strong>estar\u00e1n<\/strong> <strong>presentes<\/strong> <strong>los<\/strong> <strong>h\u00e9roes<\/strong> <strong>de<\/strong> <strong>Malvinas<\/strong>, incluir\u00e1 la\u00a0actuaci\u00f3n de artistas locales, ballets folcl\u00f3ricos y el show de Bruno Arias.<\/p>\n<p>Son varias las actividades que la provincia de Buenos Aires realizar\u00e1 en homenaje a los veteranos y los soldados ca\u00eddos en la Guerra de Malvinas, ocurrida el 2 de abril de 1982.<\/p>\n<p>Seg\u00fan inform\u00f3 el municipio, el acto, que es <strong>organizado<\/strong> por los <strong>Veteranos<\/strong> <strong>de Guerra<\/strong> <strong>de Lomas<\/strong> <strong>de<\/strong> <strong>Zamora<\/strong> y cuenta con el apoyo del Instituto Cultural del distrito, ser\u00e1 el s\u00e1bado 1 de abril a partir de las 20:00hs en el Museo Malvinas, ubicado en Garibaldi y Fr\u00edas de Lomas de Zamora.<\/p>\n<p>El\u00a0<strong>domingo 2 de abril la Comisi\u00f3n de Enlace Veteranos de Guerra de Lomas de Zamora realizar\u00e1 otro acto homenaje<\/strong>\u00a0a los ca\u00eddos en Malvinas y en el post de la guerra en el Cementerio del partido a las 9:30hs, en el Pante\u00f3n H\u00e9roes de Malvinas.<\/p>\n<p>Seg\u00fan se estima, la cifra de fallecidos en los primeros a\u00f1os de la post guerra super\u00f3 la de los 649 muertos en conflicto.<\/p>\n<p><strong>Los H\u00e9roes que vuelven a las Islas:<\/strong><\/p>\n<p>Con el apoyo del Municipio de Lomas de Zamora, la Comisi\u00f3n de Enlace Veteranos de Guerra del distrito realiza cuatro viajes por a\u00f1o a las Islas Malvinas.<\/p>\n<p>Durante el mes de marzo doce ex combatientes viajaron para cumplir su deseo de volver a las Islas y lo hicieron junto al tambi\u00e9n veterano de guerra Luis Dalesio, que corri\u00f3 una marat\u00f3n. <strong>(VW)<\/strong><\/p>\n<p>&nbsp;<\/p>\n<p>&nbsp;<\/p>\n","protected":false},"excerpt":{"rendered":"<p>Este fin de semana habr\u00e1 varias actividades en Lomas de Zamora por el D\u00eda del Veterano y de los Ca\u00eddos de Malvinas.<\/p>\n","protected":false},"author":4,"featured_media":10146,"comment_status":"closed","ping_status":"closed","sticky":false,"template":"","format":"standard","meta":{"_monsterinsights_skip_tracking":false,"_monsterinsights_sitenote_active":false,"_monsterinsights_sitenote_note":"","_monsterinsights_sitenote_category":0,"footnotes":""},"categories":[8,5],"tags":[4203,4202,4201],"class_list":["post-10145","post","type-post","status-publish","format-standard","has-post-thumbnail","hentry","category-interes-general","category-sociedad","tag-2-de-abril","tag-homenajes-lomas-de-zamora","tag-veterano-de-malvinas"],"_links":{"self":[{"href":"https:\/\/www.visionweb.com.ar\/index.php?rest_route=\/wp\/v2\/posts\/10145","targetHints":{"allow":["GET"]}}],"collection":[{"href":"https:\/\/www.visionweb.com.ar\/index.php?rest_route=\/wp\/v2\/posts"}],"about":[{"href":"https:\/\/www.visionweb.com.ar\/index.php?rest_route=\/wp\/v2\/types\/post"}],"author":[{"embeddable":true,"href":"https:\/\/www.visionweb.com.ar\/index.php?rest_route=\/wp\/v2\/users\/4"}],"replies":[{"embeddable":true,"href":"https:\/\/www.visionweb.com.ar\/index.php?rest_route=%2Fwp%2Fv2%2Fcomments&post=10145"}],"version-history":[{"count":4,"href":"https:\/\/www.visionweb.com.ar\/index.php?rest_route=\/wp\/v2\/posts\/10145\/revisions"}],"predecessor-version":[{"id":10150,"href":"https:\/\/www.visionweb.com.ar\/index.php?rest_route=\/wp\/v2\/posts\/10145\/revisions\/10150"}],"wp:featuredmedia":[{"embeddable":true,"href":"https:\/\/www.visionweb.com.ar\/index.php?rest_route=\/wp\/v2\/media\/10146"}],"wp:attachment":[{"href":"https:\/\/www.visionweb.com.ar\/index.php?rest_route=%2Fwp%2Fv2%2Fmedia&parent=10145"}],"wp:term":[{"taxonomy":"category","embeddable":true,"href":"https:\/\/www.visionweb.com.ar\/index.php?rest_route=%2Fwp%2Fv2%2Fcategories&post=10145"},{"taxonomy":"post_tag","embeddable":true,"href":"https:\/\/www.visionweb.com.ar\/index.php?rest_route=%2Fwp%2Fv2%2Ftags&post=10145"}],"curies":[{"name":"wp","href":"https:\/\/api.w.org\/{rel}","templated":true}]}}