{"id":10142,"date":"2023-03-30T09:37:29","date_gmt":"2023-03-30T12:37:29","guid":{"rendered":"https:\/\/www.visionweb.com.ar\/?p=10142"},"modified":"2023-03-30T09:37:29","modified_gmt":"2023-03-30T12:37:29","slug":"el-municipio-reabrio-las-puertas-del-teatro-carlos-gardel-de-valentin-alsina","status":"publish","type":"post","link":"https:\/\/www.visionweb.com.ar\/?p=10142","title":{"rendered":"El municipio reabri\u00f3 las puertas del teatro Carlos Gardel de Valent\u00edn Alsina"},"content":{"rendered":"<p><strong><em>Carmen Barbieri y su obra \u201cEs mi vida\u201d fue la encargada de reinaugurar el teatro que pas\u00f3 a manos municipales y fue totalmente remodelado.<\/em><\/strong><!--more--><\/p>\n<div id=\"attachment_10143\" style=\"width: 310px\" class=\"wp-caption alignright\"><img loading=\"lazy\" decoding=\"async\" aria-describedby=\"caption-attachment-10143\" class=\"wp-image-10143 size-medium\" src=\"https:\/\/www.visionweb.com.ar\/wp-content\/uploads\/2023\/03\/ALSINA-TEATRO-300x199.png\" alt=\"\" width=\"300\" height=\"199\" srcset=\"https:\/\/www.visionweb.com.ar\/wp-content\/uploads\/2023\/03\/ALSINA-TEATRO-300x199.png 300w, https:\/\/www.visionweb.com.ar\/wp-content\/uploads\/2023\/03\/ALSINA-TEATRO.png 640w\" sizes=\"auto, (max-width: 300px) 100vw, 300px\" \/><p id=\"caption-attachment-10143\" class=\"wp-caption-text\"><em><strong>Luego de varias temporadas cerrado, el teatro de Valent\u00edn Alsina reabri\u00f3 sus puertas (Foto: Prensa municipio de Lan\u00fas)<\/strong><\/em><\/p><\/div>\n<p><strong>E<\/strong>l Teatro Carlos Gardel de Valent\u00edn Alsina reabri\u00f3 sus puertas a sala llena y con la obra \u00abEs mi vida\u00bb de Carmen Barbieri.<\/p>\n<p>La sala de espect\u00e1culos reabri\u00f3 sus puertas con la presencia del Intendente de Lan\u00fas, N\u00e9stor Grindetti y el Jefe de Gabinete, Diego Kravetz,<\/p>\n<p>Adem\u00e1s participaron de la reinauguraci\u00f3n , el Intendente de Lobos, Jorge Etcheverry y la Secretaria de Cultura Local, Thelma Vivoni.<\/p>\n<p>En ronda de medios, el Intendente Grindetti expres\u00f3: \u00abEs una enorme alegr\u00eda ver como el Municipio tiene un nuevo teatro, abierto a los vecinos y en un lugar tan emblem\u00e1tico como Valent\u00edn Alsina\u00bb, y destac\u00f3: \u00abLa cultura tiene que ser un eje, no solo para Lan\u00fas, sino para toda la Provincia.\u00bb<\/p>\n<p>\u00abValent\u00edn Alsina necesitaba que &#8216;el Carlos Gardel&#8217; vuelva a abrir sus puertas, los vecinos lo necesitaban porque le da vida al barrio.\u00bb subray\u00f3 Diego Kravetz y apunt\u00f3: \u00abYa abrimos las puertas del MACU en Lan\u00fas Oeste, y ahora sumamos este nuevo espacio para aumentar nuestra oferta cultural en todo el Municipio\u00bb.<\/p>\n<p>La Remodelaci\u00f3n Integral se extendi\u00f3 a lo largo de 90 d\u00edas e incluy\u00f3 tanto la modernizaci\u00f3n de su fachada como de sus instalaciones internas. En cuanto al detalle de los trabajos realizados, se efectuaron Tareas de Alba\u00f1iler\u00eda y Pintura en ba\u00f1os y camarines -donde adem\u00e1s, se provey\u00f3 de equipamiento-, se acondicion\u00f3 la Cabina de Control para sonido y se Repararon la Carteler\u00eda, la Boleter\u00eda y la Puerta de Acceso Principal.<\/p>\n<p>Adem\u00e1s, en relaci\u00f3n a la infraestructura interna se arreglaron las Butacas, el Tel\u00f3n, el Fondo del Escenario, la Sala Pullman, los Palcos y las Puertas de Ingreso a la misma. Otros trabajos estuvieron ligados al Recambio de la Instalaci\u00f3n El\u00e9ctrica y de los Artefactos Lum\u00ednicos, entre otras labores tales como, la Colocaci\u00f3n de Patas, Bambalinas y la Reparaci\u00f3n de la L\u00ednea de Montaje<strong>(VW)<\/strong>.<\/p>\n<p>&nbsp;<\/p>\n","protected":false},"excerpt":{"rendered":"<p>Carmen Barbieri y su obra \u201cEs mi vida\u201d fue la encargada de reinaugurar el teatro que pas\u00f3 a manos municipales y fue totalmente remodelado.<\/p>\n","protected":false},"author":3,"featured_media":10143,"comment_status":"closed","ping_status":"closed","sticky":false,"template":"","format":"standard","meta":{"_monsterinsights_skip_tracking":false,"_monsterinsights_sitenote_active":false,"_monsterinsights_sitenote_note":"","_monsterinsights_sitenote_category":0,"footnotes":""},"categories":[7],"tags":[232,524,1059],"class_list":["post-10142","post","type-post","status-publish","format-standard","has-post-thumbnail","hentry","category-educacion-y-cultura","tag-apertura","tag-teatro","tag-valentin-alsina"],"_links":{"self":[{"href":"https:\/\/www.visionweb.com.ar\/index.php?rest_route=\/wp\/v2\/posts\/10142","targetHints":{"allow":["GET"]}}],"collection":[{"href":"https:\/\/www.visionweb.com.ar\/index.php?rest_route=\/wp\/v2\/posts"}],"about":[{"href":"https:\/\/www.visionweb.com.ar\/index.php?rest_route=\/wp\/v2\/types\/post"}],"author":[{"embeddable":true,"href":"https:\/\/www.visionweb.com.ar\/index.php?rest_route=\/wp\/v2\/users\/3"}],"replies":[{"embeddable":true,"href":"https:\/\/www.visionweb.com.ar\/index.php?rest_route=%2Fwp%2Fv2%2Fcomments&post=10142"}],"version-history":[{"count":1,"href":"https:\/\/www.visionweb.com.ar\/index.php?rest_route=\/wp\/v2\/posts\/10142\/revisions"}],"predecessor-version":[{"id":10144,"href":"https:\/\/www.visionweb.com.ar\/index.php?rest_route=\/wp\/v2\/posts\/10142\/revisions\/10144"}],"wp:featuredmedia":[{"embeddable":true,"href":"https:\/\/www.visionweb.com.ar\/index.php?rest_route=\/wp\/v2\/media\/10143"}],"wp:attachment":[{"href":"https:\/\/www.visionweb.com.ar\/index.php?rest_route=%2Fwp%2Fv2%2Fmedia&parent=10142"}],"wp:term":[{"taxonomy":"category","embeddable":true,"href":"https:\/\/www.visionweb.com.ar\/index.php?rest_route=%2Fwp%2Fv2%2Fcategories&post=10142"},{"taxonomy":"post_tag","embeddable":true,"href":"https:\/\/www.visionweb.com.ar\/index.php?rest_route=%2Fwp%2Fv2%2Ftags&post=10142"}],"curies":[{"name":"wp","href":"https:\/\/api.w.org\/{rel}","templated":true}]}}