{"id":10140,"date":"2023-03-30T09:24:36","date_gmt":"2023-03-30T12:24:36","guid":{"rendered":"https:\/\/www.visionweb.com.ar\/?p=10140"},"modified":"2023-03-30T09:24:36","modified_gmt":"2023-03-30T12:24:36","slug":"bianco-vaticino-un-fuerte-ajuste-a-la-economia-si-gana-juntos-por-el-cambio","status":"publish","type":"post","link":"https:\/\/www.visionweb.com.ar\/?p=10140","title":{"rendered":"Bianco vaticin\u00f3 un fuerte ajuste a la Econom\u00eda si gana Juntos por el Cambio"},"content":{"rendered":"<p><em><strong>El jefe de asesores del gobierno de Axel Kicillof cuestion\u00f3 a la presidenta del PRO quien en los \u00faltimos d\u00edas explic\u00f3 como solucionar\u00eda los problemas econ\u00f3micos.<\/strong><\/em><!--more--><\/p>\n<p><strong>\u00a0 \u00a0 \u00a0 \u00a0 \u00a0 <img loading=\"lazy\" decoding=\"async\" class=\"size-full wp-image-1260 alignleft\" src=\"https:\/\/www.visionweb.com.ar\/wp-content\/uploads\/2021\/03\/Bianco.bmp\" alt=\"\" width=\"476\" height=\"278\" \/>E<\/strong>l jefe de asesores del gobierno bonaerense, Carlos Bianco, asegur\u00f3 hoy que sea quien sea qui\u00e9n se presente como candidato a presidente por Juntos por el Cambio llevar\u00e1 adelante un \u00abajuste de la econom\u00eda\u00bb.<\/p>\n<p>Adem\u00e1s critic\u00f3 puntualmente a la titular del PRO, Patricia Bullrich, por considerar que no logra \u00abhacer un m\u00ednimo an\u00e1lisis\u00bb, al hablar de c\u00f3mo solucionar los problemas de la coyuntura econ\u00f3mica.<\/p>\n<p>\u00abSea quien sea el candidato van a hacer lo mismo, si hubiera sido (Mauricio) Macri candidato, si es (Horacio) Rodriguez Larreta, si es (Patricia) Bullrich, o si es (Mar\u00eda Eugenia) Vidal, (van a) ajustar la econom\u00eda, antes lo hizo Macri de una manera velada, a trav\u00e9s de una estafa, o de un enga\u00f1o, y ahora vienen y lo dicen abiertamente, que van a ajustar, a echar gente del Estado, y a privatizar las empresas publicas\u00bb, dijo el funcionario bonaerense.<\/p>\n<p>En declaraciones a radio AM 770, agreg\u00f3 que, \u00abel pueblo ya sabe que les espera si gana JxC\u00bb y enfatiz\u00f3: \u00abNosotros tenemos un programa de gobierno distinto\u00bb.<\/p>\n<p>El jefe de asesores del gobierno de Axel Kicillof cuestion\u00f3 a la presidenta del PRO quien en los \u00faltimos d\u00edas explic\u00f3 como solucionar\u00eda los problemas econ\u00f3micos.<\/p>\n<p>\u00abEs para preocuparse que, alguien que quiere ser presidenta no pueda llevar adelante un m\u00ednimo an\u00e1lisis de cu\u00e1l es el problema y una eventual soluci\u00f3n\u00bb, dijo.<\/p>\n<p>Para Bianco, Bullrich \u00abconfunde conceptos que son antag\u00f3nicos, como deflaci\u00f3n como hiperinflaci\u00f3n\u00bb. \u00abInvent\u00f3 conceptos, no sabe dar una explicaci\u00f3n, dice que har\u00e1 ajuste en l\u00edneas de gobierno pero que eso no tendr\u00e1 impacto econ\u00f3mico, un desastre at\u00f3mico de una persona que, claramente, no tiene la m\u00e1s m\u00ednima idea\u00bb, asever\u00f3.<\/p>\n<p>Por otro lado, se\u00f1al\u00f3 que la gesti\u00f3n de Kicillof es valorada ya que, \u00abnunca ha ocultado los problemas que Vidal tapaba con publicidad y marketing\u00bb cuando estuvo al frente del Ejecutivo bonaerense.\u00bbKicillof los sac\u00f3 de abajo de la mesa y dijo \u00b4empecemos a solucionarlos\u2019 \u00ab, subray\u00f3.<\/p>\n<p>Sobre una eventual reelecci\u00f3n del gobernador, el funcionario provincial opin\u00f3 que \u00abno est\u00e1 embarcado en un proyecto personal o en un capricho pol\u00edtico y har\u00e1 lo que tenga que hacer en cada momento\u00bb<strong>(VW)<\/strong>.<\/p>\n","protected":false},"excerpt":{"rendered":"<p>El jefe de asesores del gobierno de Axel Kicillof cuestion\u00f3 a la presidenta del PRO quien en los \u00faltimos d\u00edas explic\u00f3 como solucionar\u00eda los problemas econ\u00f3micos.<\/p>\n","protected":false},"author":3,"featured_media":1260,"comment_status":"closed","ping_status":"closed","sticky":false,"template":"","format":"standard","meta":{"_monsterinsights_skip_tracking":false,"_monsterinsights_sitenote_active":false,"_monsterinsights_sitenote_note":"","_monsterinsights_sitenote_category":0,"footnotes":""},"categories":[4],"tags":[1804,540,504,646],"class_list":["post-10140","post","type-post","status-publish","format-standard","has-post-thumbnail","hentry","category-politica","tag-ajuste","tag-bianco","tag-bullrich","tag-economia"],"_links":{"self":[{"href":"https:\/\/www.visionweb.com.ar\/index.php?rest_route=\/wp\/v2\/posts\/10140","targetHints":{"allow":["GET"]}}],"collection":[{"href":"https:\/\/www.visionweb.com.ar\/index.php?rest_route=\/wp\/v2\/posts"}],"about":[{"href":"https:\/\/www.visionweb.com.ar\/index.php?rest_route=\/wp\/v2\/types\/post"}],"author":[{"embeddable":true,"href":"https:\/\/www.visionweb.com.ar\/index.php?rest_route=\/wp\/v2\/users\/3"}],"replies":[{"embeddable":true,"href":"https:\/\/www.visionweb.com.ar\/index.php?rest_route=%2Fwp%2Fv2%2Fcomments&post=10140"}],"version-history":[{"count":1,"href":"https:\/\/www.visionweb.com.ar\/index.php?rest_route=\/wp\/v2\/posts\/10140\/revisions"}],"predecessor-version":[{"id":10141,"href":"https:\/\/www.visionweb.com.ar\/index.php?rest_route=\/wp\/v2\/posts\/10140\/revisions\/10141"}],"wp:featuredmedia":[{"embeddable":true,"href":"https:\/\/www.visionweb.com.ar\/index.php?rest_route=\/wp\/v2\/media\/1260"}],"wp:attachment":[{"href":"https:\/\/www.visionweb.com.ar\/index.php?rest_route=%2Fwp%2Fv2%2Fmedia&parent=10140"}],"wp:term":[{"taxonomy":"category","embeddable":true,"href":"https:\/\/www.visionweb.com.ar\/index.php?rest_route=%2Fwp%2Fv2%2Fcategories&post=10140"},{"taxonomy":"post_tag","embeddable":true,"href":"https:\/\/www.visionweb.com.ar\/index.php?rest_route=%2Fwp%2Fv2%2Ftags&post=10140"}],"curies":[{"name":"wp","href":"https:\/\/api.w.org\/{rel}","templated":true}]}}