{"id":10133,"date":"2023-03-29T11:18:36","date_gmt":"2023-03-29T14:18:36","guid":{"rendered":"https:\/\/www.visionweb.com.ar\/?p=10133"},"modified":"2023-03-29T11:18:36","modified_gmt":"2023-03-29T14:18:36","slug":"almirante-brown-se-viene-el-festival-de-la-cultura-argentina-y-latinoamericana-festicala","status":"publish","type":"post","link":"https:\/\/www.visionweb.com.ar\/?p=10133","title":{"rendered":"Almirante Brown: Se viene el Festival de la Cultura Argentina y Latinoamericana (Festicala)"},"content":{"rendered":"<p><em><strong>\u00a0Ser\u00e1 desde este viernes, y cada d\u00eda habr\u00e1 charlas, m\u00fasica, actividades teatrales, de circo, malabares, \u00a0feria artesanal, stands con productos gastron\u00f3micos y la Feria Mi Pyme.<\/strong><\/em><!--more--><\/p>\n<p><strong><img loading=\"lazy\" decoding=\"async\" class=\"size-medium wp-image-10134 alignright\" src=\"https:\/\/www.visionweb.com.ar\/wp-content\/uploads\/2023\/03\/festicala23-300x166.png\" alt=\"\" width=\"300\" height=\"166\" srcset=\"https:\/\/www.visionweb.com.ar\/wp-content\/uploads\/2023\/03\/festicala23-300x166.png 300w, https:\/\/www.visionweb.com.ar\/wp-content\/uploads\/2023\/03\/festicala23.png 444w\" sizes=\"auto, (max-width: 300px) 100vw, 300px\" \/>\u00a0 E<\/strong>l Instituto de las Culturas de\u00a0<strong>Almirante Brown<\/strong>\u00a0anunci\u00f3 que este fin de semana se realizar\u00e1 el Festival de la Cultura Argentina y Latinoamericana (Festicala) en la localidad de Ministro Rivadavia, y contar\u00e1 con la presentaci\u00f3n de Massacre, Los Tipitos, Guillermo Fern\u00e1ndez y Peteco Carabajal, entre otros artistas.<\/p>\n<p><strong>Seg\u00fan comunic\u00f3 el Instituto Municipal de las Culturas Brown, las jornadas se realizar\u00e1n en la Plaza Eva Per\u00f3n, ubicada entre las calles Lahille y Sandoval, con entrada libre y gratuita, <\/strong>\u00a0desde el pr\u00f3ximo<strong>\u00a0viernes 31 de marzo, s\u00e1bado 1\u00b0 y domingo 2 de abril<\/strong>.<\/p>\n<p><strong>En ese sentido, Mariano Cascallares expres\u00f3: \u201cEstamos muy felices de anunciar el regreso de una de las actividades culturales y musicales m\u00e1s importantes y tradicionales de Almirante Brown: nuestro Festicala en Ministro Rivadavia con la presencia de artistas estelares para pasar una jornada junto a nuestras familias y amigos<\/strong>\u201d.<\/p>\n<p>Por su parte, el intendente interino<strong>\u00a0Juan Fabiani<\/strong>\u00a0destac\u00f3 que\u00a0<strong>\u201cdurante las tres jornadas, adem\u00e1s de los shows musicales, habr\u00e1 distintas charlas, actividades teatrales, circo, malabares, una feria artesanal y stand con productos gastron\u00f3micos para todas las edades y gustos\u201d.<\/strong><\/p>\n<p>El\u00a0<strong>viernes 31 de marzo\u00a0<\/strong>las actividades iniciar\u00e1n a las 17 horas y el escenario principal ser\u00e1 ocupado por la Orquesta Municipal de Tango de Almirante Brown, la Orquesta Escuela local y la Orquesta de C\u00e1mara dirigida por Pablo Agri. El cierre quedar\u00e1 a cargo de Guillermo Fern\u00e1ndez.<\/p>\n<p>A partir de las 13 horas, el\u00a0<strong>s\u00e1bado 1\u00b0 de abril\u00a0<\/strong>tocaran las bandas Cenizas del Alba, Agust\u00edn Guerrero Quinteto,\u00a0<strong>Massacre y Los Tipitos<\/strong>, entre otras actividades art\u00edsticas y culturales.<\/p>\n<p>Mientras que el\u00a0<strong>domingo 2 de abril<\/strong>, tambi\u00e9n desde las 13 horas, los shows de esta fiesta de la cultura estar\u00e1n a cargo de Nacho Roldan,<strong>\u00a0Ignacio Copani y Peteco Carabajal<\/strong>\u00a0junto a Santiago Tr\u00edo. <strong>(VW)<\/strong><\/p>\n<p>&nbsp;<\/p>\n","protected":false},"excerpt":{"rendered":"<p>\u00a0Ser\u00e1 desde este viernes, y cada d\u00eda habr\u00e1 charlas, m\u00fasica, actividades teatrales, de circo, malabares, \u00a0feria artesanal, stands con productos gastron\u00f3micos y la Feria Mi Pyme.<\/p>\n","protected":false},"author":4,"featured_media":10134,"comment_status":"closed","ping_status":"closed","sticky":false,"template":"","format":"standard","meta":{"_monsterinsights_skip_tracking":false,"_monsterinsights_sitenote_active":false,"_monsterinsights_sitenote_note":"","_monsterinsights_sitenote_category":0,"footnotes":""},"categories":[8],"tags":[658,4197],"class_list":["post-10133","post","type-post","status-publish","format-standard","has-post-thumbnail","hentry","category-interes-general","tag-almirante-brown","tag-festicala"],"_links":{"self":[{"href":"https:\/\/www.visionweb.com.ar\/index.php?rest_route=\/wp\/v2\/posts\/10133","targetHints":{"allow":["GET"]}}],"collection":[{"href":"https:\/\/www.visionweb.com.ar\/index.php?rest_route=\/wp\/v2\/posts"}],"about":[{"href":"https:\/\/www.visionweb.com.ar\/index.php?rest_route=\/wp\/v2\/types\/post"}],"author":[{"embeddable":true,"href":"https:\/\/www.visionweb.com.ar\/index.php?rest_route=\/wp\/v2\/users\/4"}],"replies":[{"embeddable":true,"href":"https:\/\/www.visionweb.com.ar\/index.php?rest_route=%2Fwp%2Fv2%2Fcomments&post=10133"}],"version-history":[{"count":1,"href":"https:\/\/www.visionweb.com.ar\/index.php?rest_route=\/wp\/v2\/posts\/10133\/revisions"}],"predecessor-version":[{"id":10135,"href":"https:\/\/www.visionweb.com.ar\/index.php?rest_route=\/wp\/v2\/posts\/10133\/revisions\/10135"}],"wp:featuredmedia":[{"embeddable":true,"href":"https:\/\/www.visionweb.com.ar\/index.php?rest_route=\/wp\/v2\/media\/10134"}],"wp:attachment":[{"href":"https:\/\/www.visionweb.com.ar\/index.php?rest_route=%2Fwp%2Fv2%2Fmedia&parent=10133"}],"wp:term":[{"taxonomy":"category","embeddable":true,"href":"https:\/\/www.visionweb.com.ar\/index.php?rest_route=%2Fwp%2Fv2%2Fcategories&post=10133"},{"taxonomy":"post_tag","embeddable":true,"href":"https:\/\/www.visionweb.com.ar\/index.php?rest_route=%2Fwp%2Fv2%2Ftags&post=10133"}],"curies":[{"name":"wp","href":"https:\/\/api.w.org\/{rel}","templated":true}]}}