{"id":10130,"date":"2023-03-29T09:23:49","date_gmt":"2023-03-29T12:23:49","guid":{"rendered":"https:\/\/www.visionweb.com.ar\/?p=10130"},"modified":"2023-03-29T09:23:49","modified_gmt":"2023-03-29T12:23:49","slug":"ucr-el-oficialismo-bonaerense-hizo-un-gesto-de-apoyo-a-manes","status":"publish","type":"post","link":"https:\/\/www.visionweb.com.ar\/?p=10130","title":{"rendered":"UCR: El oficialismo bonaerense hizo un gesto de apoyo a Manes"},"content":{"rendered":"<p><em><strong>El diputado consigui\u00f3 una foto con 27 de los 32 alcaldes bonaerenses de su fuerza. Charla sobre modelos de desarrollo y se\u00f1al al sector de Gerardo Morales.<\/strong><\/em><!--more--><\/p>\n<div id=\"attachment_10131\" style=\"width: 310px\" class=\"wp-caption alignright\"><img loading=\"lazy\" decoding=\"async\" aria-describedby=\"caption-attachment-10131\" class=\"wp-image-10131 size-medium\" src=\"https:\/\/www.visionweb.com.ar\/wp-content\/uploads\/2023\/03\/INTENDENTES-RADICALES-300x201.png\" alt=\"\" width=\"300\" height=\"201\" srcset=\"https:\/\/www.visionweb.com.ar\/wp-content\/uploads\/2023\/03\/INTENDENTES-RADICALES-300x201.png 300w, https:\/\/www.visionweb.com.ar\/wp-content\/uploads\/2023\/03\/INTENDENTES-RADICALES.png 640w\" sizes=\"auto, (max-width: 300px) 100vw, 300px\" \/><p id=\"caption-attachment-10131\" class=\"wp-caption-text\">Los 27 intendentes radicales bonaerenses dieron su apoyo a Facundo Manes (Prensa UCR)<\/p><\/div>\n<p><strong>\u00a0 \u00a0 \u00a0E<\/strong>l diputado Facundo Manes recibi\u00f3, este martes, el respaldo de 27 intendentes radicales bonaerenses alineados con su candidatura y la de Maximiliano Abad a gobernador.<\/p>\n<p>El encuentro tuvo como objetivo\u00a0 mostrar capacidad electoral en la provincia de Buenos Aires frente al armado de Gerardo Morales.<\/p>\n<p>La reuni\u00f3n se celebr\u00f3 en las oficinas que tiene Manes en Palermo y busc\u00f3 dar una se\u00f1al de primac\u00eda en un territorio clave: hubo all\u00ed 27 intendentes de los 32 que tiene el radicalismo en la provincia. Es destinatario est\u00e1 claro, es Gerardo Morales, el gobernador de Jujuy que lanz\u00f3 su candidatura hace unos d\u00edas en un teatro porte\u00f1o, consign\u00f3 la agencia DIB.<\/p>\n<p>Los participantes del c\u00f3nclave con los que convers\u00f3 DIB se mostraron de acuerdo en que la cuesti\u00f3n electoral no ocup\u00f3 el centro de la escena, al menos ni literalmente. \u201cFacundo se mostr\u00f3 s\u00f3lido, habl\u00f3 el t\u00e9rminos de modelo de desarrollo para el pa\u00eds, de c\u00f3mo implementarlo\u201d.<\/p>\n<p>Aunque nadie lo dijo expl\u00edcitamente, es una manera de descartar la posibilidad de una negociaci\u00f3n con alg\u00fan sector de PRO, algo que el oficialismo radical bonaerense le suele achacar a Morales en relaci\u00f3n con Horacio Rodr\u00edguez Larreta.<\/p>\n<p>Otro punto en que s\u00ed hicieron \u00e9nfasis en el equipo: un grupo de intendentes y legisladores cohesionados que trabajar\u00e1 para afianzar la posibilidad de Manes y de Maximiliano Abad como candidato bonaerense hasta \u00faltimo momento.<\/p>\n<p>\u201cEstamos trabajando en equipo, diagnosticando la situaci\u00f3n y elaborando propuestas, con hombres y mujeres que tienen responsabilidades de gesti\u00f3n en el d\u00eda a d\u00eda\u201d, dijo Manes de acuerdo al comunicado oficial que se difundi\u00f3 tras la reuni\u00f3n.<\/p>\n<p>\u201cRecordamos el triunfo del 21 y estamos convencidos de que lo vamos a replicar en todo el pa\u00eds\u201d, destac\u00f3. En esa frase oficial hay un inicio de la estrategia: hacer foco en Buenos Aires como centro del armado nacional de este sector.<\/p>\n<p>El neurocient\u00edfico asegur\u00f3 que \u201cel radicalismo tiene figuras atractivas y modernas\u201d. \u201cHoy veo un pa\u00eds que puede ser seducido por el radicalismo. Lo recorro todos los d\u00edas y lo voy a seguir haciendo. Escucho a la gente en la calle y eso me convence de que el partido debe volver a sus ra\u00edces populares para ampliar su voto y recuperar su autoestima\u201d.<\/p>\n<p>Participaron del encuentro Miguel Fern\u00e1ndez, presidente del foro de intendentes radicales de la provincia de Buenos Aires, Maximiliano Abad y \u00c9rica Revilla, presidente y vicepresidente de la UCR Buenos Aires, Gast\u00f3n Manes, presidente de la Convenci\u00f3n Nacional e intendentes radicales de la provincia de Buenos Aires.<\/p>\n<p>Tambi\u00e9n estuvo presente la diputada provincial Viviana Dirolli. Manes contin\u00faa su recorrida por la provincia de Buenos Aires. Ayer visit\u00f3 la ciudad de Bah\u00eda Blanca y luego Punta Alta, Tornquist y Pigu\u00e9. Esta semana estar\u00e1 en Jun\u00edn, Lincoln y Chacabuco. <strong>(VW)<\/strong><\/p>\n","protected":false},"excerpt":{"rendered":"<p>El diputado consigui\u00f3 una foto con 27 de los 32 alcaldes bonaerenses de su fuerza. Charla sobre modelos de desarrollo y se\u00f1al al sector de Gerardo Morales.<\/p>\n","protected":false},"author":3,"featured_media":10131,"comment_status":"closed","ping_status":"closed","sticky":false,"template":"","format":"standard","meta":{"_monsterinsights_skip_tracking":false,"_monsterinsights_sitenote_active":false,"_monsterinsights_sitenote_note":"","_monsterinsights_sitenote_category":0,"footnotes":""},"categories":[4],"tags":[650,4196,963],"class_list":["post-10130","post","type-post","status-publish","format-standard","has-post-thumbnail","hentry","category-politica","tag-bonaerenses","tag-intendentes-radicales","tag-manes"],"_links":{"self":[{"href":"https:\/\/www.visionweb.com.ar\/index.php?rest_route=\/wp\/v2\/posts\/10130","targetHints":{"allow":["GET"]}}],"collection":[{"href":"https:\/\/www.visionweb.com.ar\/index.php?rest_route=\/wp\/v2\/posts"}],"about":[{"href":"https:\/\/www.visionweb.com.ar\/index.php?rest_route=\/wp\/v2\/types\/post"}],"author":[{"embeddable":true,"href":"https:\/\/www.visionweb.com.ar\/index.php?rest_route=\/wp\/v2\/users\/3"}],"replies":[{"embeddable":true,"href":"https:\/\/www.visionweb.com.ar\/index.php?rest_route=%2Fwp%2Fv2%2Fcomments&post=10130"}],"version-history":[{"count":1,"href":"https:\/\/www.visionweb.com.ar\/index.php?rest_route=\/wp\/v2\/posts\/10130\/revisions"}],"predecessor-version":[{"id":10132,"href":"https:\/\/www.visionweb.com.ar\/index.php?rest_route=\/wp\/v2\/posts\/10130\/revisions\/10132"}],"wp:featuredmedia":[{"embeddable":true,"href":"https:\/\/www.visionweb.com.ar\/index.php?rest_route=\/wp\/v2\/media\/10131"}],"wp:attachment":[{"href":"https:\/\/www.visionweb.com.ar\/index.php?rest_route=%2Fwp%2Fv2%2Fmedia&parent=10130"}],"wp:term":[{"taxonomy":"category","embeddable":true,"href":"https:\/\/www.visionweb.com.ar\/index.php?rest_route=%2Fwp%2Fv2%2Fcategories&post=10130"},{"taxonomy":"post_tag","embeddable":true,"href":"https:\/\/www.visionweb.com.ar\/index.php?rest_route=%2Fwp%2Fv2%2Ftags&post=10130"}],"curies":[{"name":"wp","href":"https:\/\/api.w.org\/{rel}","templated":true}]}}