{"id":10122,"date":"2023-03-28T11:34:25","date_gmt":"2023-03-28T14:34:25","guid":{"rendered":"https:\/\/www.visionweb.com.ar\/?p=10122"},"modified":"2023-03-28T11:34:25","modified_gmt":"2023-03-28T14:34:25","slug":"la-provincia-anuncio-la-revalorizacion-de-honorarios-medicos","status":"publish","type":"post","link":"https:\/\/www.visionweb.com.ar\/?p=10122","title":{"rendered":"La Provincia anunci\u00f3 la revalorizaci\u00f3n de honorarios m\u00e9dicos"},"content":{"rendered":"<p><em><strong>Adem\u00e1s ampliar\u00e1 el programa de prestaciones de IOMA. Los anuncios fueron hechos por el gobernador Axel Kicillof.<\/strong><\/em>\u00a0 <!--more--><\/p>\n<p><img loading=\"lazy\" decoding=\"async\" class=\"size-medium wp-image-10123 alignright\" src=\"https:\/\/www.visionweb.com.ar\/wp-content\/uploads\/2023\/03\/HONORARIOS-IOMA-300x214.png\" alt=\"\" width=\"300\" height=\"214\" srcset=\"https:\/\/www.visionweb.com.ar\/wp-content\/uploads\/2023\/03\/HONORARIOS-IOMA-300x214.png 300w, https:\/\/www.visionweb.com.ar\/wp-content\/uploads\/2023\/03\/HONORARIOS-IOMA.png 640w\" sizes=\"auto, (max-width: 300px) 100vw, 300px\" \/>Mientras la Federaci\u00f3n de Trabajadores de la Salud prepara una protesta para este mi\u00e9rcoles, el gobierno bonaerense\u00a0 \u00a0anuncio la revalorizaci\u00f3n de honorarios m\u00e9dicos.<\/p>\n<p>La revalorizaci\u00f3n de los honorarios m\u00e9dicos incluye un aumento del 20% a partir del 1\u00b0 de marzo pasado y un adicional del 25% para especialistas categor\u00eda B y del 45% para categor\u00eda C, que representan el 70% de las consultas.<\/p>\n<p>Adem\u00e1s, en un acto presidido por el titular del ejecutivo provincial, Axel Kicillof, anunci\u00f3 tambi\u00e9n la presentaci\u00f3n de programas que ampliar\u00e1n las prestaciones de IOMA.<\/p>\n<p>Desde el Sal\u00f3n Dorado de la Casa de Gobierno, Kicillof destac\u00f3 que \u201cfrente a los mensajes irresponsables de quienes intentan utilizar la salud con fines electorales, nosotros respondemos con un enorme esfuerzo para recuperar a una instituci\u00f3n como IOMA, a la que despu\u00e9s de cuatro a\u00f1os de abandono hab\u00edan dejado en una situaci\u00f3n muy delicada\u201d.<\/p>\n<p>El mandatario bonaerense record\u00f3 que cuando asumi\u00f3 la gobernaci\u00f3n en diciembre de 2019: \u00abRecibimos a IOMA\u00a0 con d\u00e9ficit econ\u00f3mico, deudas acumuladas por cinco meses y retraso en la actualizaci\u00f3n de las prestaciones, muestra de una gesti\u00f3n con falta de empat\u00eda y, sobre todo, desprecio por lo p\u00fablico\u201d,<\/p>\n<p>Del acto que se realiz\u00f3 en el SAl\u00f3n Dorado de la gobernaci\u00f3n, en La Plata, participaron ,el ministro de Salud, Nicol\u00e1s Kreplak, y el presidente de IOMA, Homero Giles.<\/p>\n<p><strong>IOMA\u00a0<\/strong><\/p>\n<p>Con un presupuesto anual de $5.765 millones, se optimiza de esta forma la posici\u00f3n de IOMA en el mercado como financiador de consultas, al ubicarse en el tercer lugar de las prepagas que mejores honorarios abonan.<\/p>\n<p>\u201cCreemos fervientemente que la salud es un derecho y que su acceso no puede depender del ingreso y de d\u00f3nde viva cada uno de nosotros, sino que debe ser universal y solidaria\u201d, afirm\u00f3 Kreplak y agreg\u00f3: \u201cPor eso trabajamos en la recuperaci\u00f3n del IOMA y del sector p\u00fablico mediante una inversi\u00f3n hist\u00f3rica que nos permite mejorar salarios, equipar hospitales e integrar el sistema para garantizar una mejor capacidad de respuesta en beneficio de nuestro pueblo\u201d.<\/p>\n<p>Para el lanzamiento del Plan de Medicamentos Esenciales se invertir\u00e1n $4.900 millones durante 2023, con el objeto de brindar una cobertura del 100% en 957 prestaciones vinculadas a tratamientos cr\u00f3nicos y reducir el gasto de bolsillo de 151 mil personas afiliadas. Entre las enfermedades m\u00e1s prevalentes se encuentran la hipertensi\u00f3n arterial, dislipemias, diabetes y afecciones respiratorias.<\/p>\n<p>Asimismo, se present\u00f3 el programa J\u00f3venes con IOMA, que proyecta la apertura de la afiliaci\u00f3n voluntaria de personas de entre 18 y 35 a\u00f1os a partir de abril. El tr\u00e1mite ser\u00e1 100% digital y la cobertura alcanzar\u00e1 tambi\u00e9n a hijos e hijas, en tanto que ser\u00e1 \u00fatil adem\u00e1s para descomprimir el subsistema p\u00fablico de atenci\u00f3n en hospitales provinciales y Centros de Atenci\u00f3n Primaria de la Salud (CAPS).<\/p>\n<p>En tanto, Giles indic\u00f3: \u201cEstamos presentando un trabajo que es resultado de mucho esfuerzo con el que hemos podido revertir la situaci\u00f3n tan dif\u00edcil en la que encontramos al IOMA, donde hab\u00eda retrasos de hasta 20 meses en los pagos con algunos prestadores\u201d.<\/p>\n<p>Asimismo, hizo hincapi\u00e9 en \u201cla presencia de agrupaciones m\u00e9dicas y afiliados, que nos demuestra que a\u00fan sabiendo que falta mucho por hacer, estamos en la direcci\u00f3n correcta\u201d.<\/p>\n<p>Estuvieron presentes autoridades de AMP, FEMEBA, FEMECON, ATE, UPCN, AJB, SUTEBA, AJAMOB y CICOP.<\/p>\n<p>\u201cEn este periodo ya hemos superado el d\u00e9ficit gracias a una administraci\u00f3n responsable, bajamos la deuda, actualizamos las prestaciones seg\u00fan la inflaci\u00f3n e implementamos IOMA digital, lo que que nos permiti\u00f3 reducir la demora de los tr\u00e1mites de 6 meses a 7 d\u00edas\u201d, expres\u00f3 Kicillof,<\/p>\n<p>Participaron la ministra de Mujeres, Pol\u00edticas de G\u00e9nero y Diversidad Sexual, Estela D\u00edaz; la presidenta del Instituto Cultural, Florencia Saintout; el jefe de Gabinete del Ministerio de Salud, Salvador Giorgi; la subsecretaria de Gesti\u00f3n de la Informaci\u00f3n, Educaci\u00f3n Permanente y Fiscalizaci\u00f3n, Leticia Ceriani; el vicepresidente de IOMA, Mariano Cardelli; el diputado nacional Daniel Gollan; las legisladoras provinciales Roxana L\u00f3pez y Luc\u00eda Ia\u00f1ez; y el secretario general de ATE Buenos Aires, Oscar De Isasi <strong>(VW).<\/strong><\/p>\n","protected":false},"excerpt":{"rendered":"<p>Adem\u00e1s ampliar\u00e1 el programa de prestaciones de IOMA. Los anuncios fueron hechos por el gobernador Axel Kicillof.\u00a0<\/p>\n","protected":false},"author":3,"featured_media":10123,"comment_status":"closed","ping_status":"closed","sticky":false,"template":"","format":"standard","meta":{"_monsterinsights_skip_tracking":false,"_monsterinsights_sitenote_active":false,"_monsterinsights_sitenote_note":"","_monsterinsights_sitenote_category":0,"footnotes":""},"categories":[8],"tags":[4193,127,167,100],"class_list":["post-10122","post","type-post","status-publish","format-standard","has-post-thumbnail","hentry","category-interes-general","tag-honorarios","tag-ioma","tag-kicillof","tag-salud"],"_links":{"self":[{"href":"https:\/\/www.visionweb.com.ar\/index.php?rest_route=\/wp\/v2\/posts\/10122","targetHints":{"allow":["GET"]}}],"collection":[{"href":"https:\/\/www.visionweb.com.ar\/index.php?rest_route=\/wp\/v2\/posts"}],"about":[{"href":"https:\/\/www.visionweb.com.ar\/index.php?rest_route=\/wp\/v2\/types\/post"}],"author":[{"embeddable":true,"href":"https:\/\/www.visionweb.com.ar\/index.php?rest_route=\/wp\/v2\/users\/3"}],"replies":[{"embeddable":true,"href":"https:\/\/www.visionweb.com.ar\/index.php?rest_route=%2Fwp%2Fv2%2Fcomments&post=10122"}],"version-history":[{"count":1,"href":"https:\/\/www.visionweb.com.ar\/index.php?rest_route=\/wp\/v2\/posts\/10122\/revisions"}],"predecessor-version":[{"id":10124,"href":"https:\/\/www.visionweb.com.ar\/index.php?rest_route=\/wp\/v2\/posts\/10122\/revisions\/10124"}],"wp:featuredmedia":[{"embeddable":true,"href":"https:\/\/www.visionweb.com.ar\/index.php?rest_route=\/wp\/v2\/media\/10123"}],"wp:attachment":[{"href":"https:\/\/www.visionweb.com.ar\/index.php?rest_route=%2Fwp%2Fv2%2Fmedia&parent=10122"}],"wp:term":[{"taxonomy":"category","embeddable":true,"href":"https:\/\/www.visionweb.com.ar\/index.php?rest_route=%2Fwp%2Fv2%2Fcategories&post=10122"},{"taxonomy":"post_tag","embeddable":true,"href":"https:\/\/www.visionweb.com.ar\/index.php?rest_route=%2Fwp%2Fv2%2Ftags&post=10122"}],"curies":[{"name":"wp","href":"https:\/\/api.w.org\/{rel}","templated":true}]}}