{"id":10120,"date":"2023-03-28T09:15:02","date_gmt":"2023-03-28T12:15:02","guid":{"rendered":"https:\/\/www.visionweb.com.ar\/?p=10120"},"modified":"2023-03-28T09:15:02","modified_gmt":"2023-03-28T12:15:02","slug":"grindetti-destaco-la-decision-de-macri","status":"publish","type":"post","link":"https:\/\/www.visionweb.com.ar\/?p=10120","title":{"rendered":"Grindetti destac\u00f3 la decisi\u00f3n de Macri"},"content":{"rendered":"<p><em><strong>Para el intendente de Lan\u00fas y pre candidato a gobernador, el ex presidente siempre \u00abesta un paso adelante\u00bb<\/strong><\/em>\u00a0 <!--more--><\/p>\n<p><strong>\u00a0 \u00a0 \u00a0 \u00a0 <img loading=\"lazy\" decoding=\"async\" class=\"size-medium wp-image-8478 alignright\" src=\"https:\/\/www.visionweb.com.ar\/wp-content\/uploads\/2022\/12\/GRINDETTI-MERCOCIUDADES-300x200.jpeg\" alt=\"\" width=\"300\" height=\"200\" srcset=\"https:\/\/www.visionweb.com.ar\/wp-content\/uploads\/2022\/12\/GRINDETTI-MERCOCIUDADES-300x200.jpeg 300w, https:\/\/www.visionweb.com.ar\/wp-content\/uploads\/2022\/12\/GRINDETTI-MERCOCIUDADES.jpeg 640w\" sizes=\"auto, (max-width: 300px) 100vw, 300px\" \/> E<\/strong>l intendente de Lan\u00fas, N\u00e9stor Grindetti, se refiri\u00f3 a la decisi\u00f3n del ex presidente Mauricio Macri de no presentarse en las elecciones generales de octubre pr\u00f3ximo y asegur\u00f3 que siempre est\u00e1 \u00abun paso adelante\u00bb.<\/p>\n<p>\u00abCon su decisi\u00f3n de no ser candidato en estas elecciones demuestra que la visi\u00f3n del cambio va m\u00e1s all\u00e1 de las personas y de un liderazgo mesi\u00e1nico. Juntos por el Cambio nos trasciende y es m\u00e1s importante que las partes. \u00a1Hay futuro!\u00bb, indic\u00f3 el Jefe comunal a trav\u00e9s de Twitter.<\/p>\n<p>Macri anunci\u00f3 ayer que no ser\u00e1 candidato presidencial en las elecciones de octubre y sostuvo que tom\u00f3 la decisi\u00f3n \u00abconvencido\u00bb de la necesidad de \u00abagrandar\u00bb el espacio pol\u00edtico de la alianza opositora Juntos por el Cambio (JxC).<\/p>\n<p>\u00abQuiero ratificar la decisi\u00f3n de que no ser\u00e9 candidato en la pr\u00f3xima elecci\u00f3n, lo hago convencido de que hay que agrandar el espacio pol\u00edtico del cambio que iniciamos y que tenemos que inspirar a los dem\u00e1s con nuestras acciones\u00bb, manifest\u00f3 Macri en un video de seis minutos publicado en su canal de YouTube.<\/p>\n<p>Tras el anuncio, referentes y dirigentes de la coalici\u00f3n opositora destacaron por redes sociales la decisi\u00f3n del expresidente y lo elogiaron por su \u00abenorme visi\u00f3n\u00bb y \u00abgenerosidad\u00bb<strong>(VW)<\/strong>.<\/p>\n","protected":false},"excerpt":{"rendered":"<p>Para el intendente de Lan\u00fas y pre candidato a gobernador, el ex presidente siempre \u00abesta un paso adelante\u00bb\u00a0<\/p>\n","protected":false},"author":3,"featured_media":8478,"comment_status":"closed","ping_status":"closed","sticky":false,"template":"","format":"standard","meta":{"_monsterinsights_skip_tracking":false,"_monsterinsights_sitenote_active":false,"_monsterinsights_sitenote_note":"","_monsterinsights_sitenote_category":0,"footnotes":""},"categories":[4],"tags":[4190,4191,4192],"class_list":["post-10120","post","type-post","status-publish","format-standard","has-post-thumbnail","hentry","category-politica","tag-decsion","tag-destacada","tag-elogios"],"_links":{"self":[{"href":"https:\/\/www.visionweb.com.ar\/index.php?rest_route=\/wp\/v2\/posts\/10120","targetHints":{"allow":["GET"]}}],"collection":[{"href":"https:\/\/www.visionweb.com.ar\/index.php?rest_route=\/wp\/v2\/posts"}],"about":[{"href":"https:\/\/www.visionweb.com.ar\/index.php?rest_route=\/wp\/v2\/types\/post"}],"author":[{"embeddable":true,"href":"https:\/\/www.visionweb.com.ar\/index.php?rest_route=\/wp\/v2\/users\/3"}],"replies":[{"embeddable":true,"href":"https:\/\/www.visionweb.com.ar\/index.php?rest_route=%2Fwp%2Fv2%2Fcomments&post=10120"}],"version-history":[{"count":1,"href":"https:\/\/www.visionweb.com.ar\/index.php?rest_route=\/wp\/v2\/posts\/10120\/revisions"}],"predecessor-version":[{"id":10121,"href":"https:\/\/www.visionweb.com.ar\/index.php?rest_route=\/wp\/v2\/posts\/10120\/revisions\/10121"}],"wp:featuredmedia":[{"embeddable":true,"href":"https:\/\/www.visionweb.com.ar\/index.php?rest_route=\/wp\/v2\/media\/8478"}],"wp:attachment":[{"href":"https:\/\/www.visionweb.com.ar\/index.php?rest_route=%2Fwp%2Fv2%2Fmedia&parent=10120"}],"wp:term":[{"taxonomy":"category","embeddable":true,"href":"https:\/\/www.visionweb.com.ar\/index.php?rest_route=%2Fwp%2Fv2%2Fcategories&post=10120"},{"taxonomy":"post_tag","embeddable":true,"href":"https:\/\/www.visionweb.com.ar\/index.php?rest_route=%2Fwp%2Fv2%2Ftags&post=10120"}],"curies":[{"name":"wp","href":"https:\/\/api.w.org\/{rel}","templated":true}]}}