{"id":10116,"date":"2023-03-28T08:53:50","date_gmt":"2023-03-28T11:53:50","guid":{"rendered":"https:\/\/www.visionweb.com.ar\/?p=10116"},"modified":"2023-03-28T08:57:39","modified_gmt":"2023-03-28T11:57:39","slug":"los-profesionales-de-la-salud-retoman-las-protestas","status":"publish","type":"post","link":"https:\/\/www.visionweb.com.ar\/?p=10116","title":{"rendered":"Los profesionales de la salud retoman las protestas"},"content":{"rendered":"<p><em><strong>Desde la gremial profesional anunciaron un paro en el Hospital Nacional Posadas; paros en Haedo, y apoyo a las Asociaciones de Profesionales de Escobar y Mercedes.<\/strong><\/em><!--more--><\/p>\n<p><strong><img loading=\"lazy\" decoding=\"async\" class=\"size-full wp-image-3081 alignright\" src=\"https:\/\/www.visionweb.com.ar\/wp-content\/uploads\/2021\/10\/paro-cicop-oct21.bmp\" alt=\"\" width=\"494\" height=\"316\" \/>L<\/strong>a Federaci\u00f3n Sindical de Profesionales de la Salud (Fesprosa) convoc\u00f3 a una jornada nacional de lucha para este mi\u00e9rcoles 29 de marzo.<\/p>\n<p>Los trabajadores de la salud llevan una lista de reclamos entre los que se destacan una mejora salarial; el 82 por ciento m\u00f3vil para las jubilaciones; formalizar las relaciones laborales; y libertad sindical.<\/p>\n<p>\u201cDe Ushuaia a Tilcara, las asociaciones sindicales de cada provincia anunciaron medidas de fuerza en defensa de la salud p\u00fablica\u201d, indic\u00f3 la Fesprosa en un comunicado.<\/p>\n<p>En lo que respecta al \u00e1rea metropolitana de Buenos Aires, desde la gremial profesional anunciaron un paro en el Hospital Nacional Posadas; paros en Haedo, y apoyo a las Asociaciones de Profesionales de Escobar y Mercedes.<\/p>\n<p>Tambi\u00e9n habr\u00e1 paros en los hospitales de San Andr\u00e9s de Giles, San Isidro, en el Catr\u00e1ngolo de Vicente L\u00f3pez y un cese de actividades en La Matanza convocado por la Asociaci\u00f3n de Profesionales de la Salud.<\/p>\n<p>Adem\u00e1s, a partir de las 11 habr\u00e1 un acto central en el Ministerio de Salud de la Naci\u00f3n, con la participaci\u00f3n de todas las organizaciones afiliadas a la federaci\u00f3n del \u00e1rea metropolitana<strong>(VW)<\/strong>.<\/p>\n","protected":false},"excerpt":{"rendered":"<p>Desde la gremial profesional anunciaron un paro en el Hospital Nacional Posadas; paros en Haedo, y apoyo a las Asociaciones de Profesionales de Escobar y Mercedes.<\/p>\n","protected":false},"author":3,"featured_media":3081,"comment_status":"closed","ping_status":"closed","sticky":false,"template":"","format":"standard","meta":{"_monsterinsights_skip_tracking":false,"_monsterinsights_sitenote_active":false,"_monsterinsights_sitenote_note":"","_monsterinsights_sitenote_category":0,"footnotes":""},"categories":[8],"tags":[4189,569,653,440,56,100],"class_list":["post-10116","post","type-post","status-publish","format-standard","has-post-thumbnail","hentry","category-interes-general","tag-82-jubilados","tag-jubilados","tag-protestas","tag-reclamos","tag-salarios","tag-salud"],"_links":{"self":[{"href":"https:\/\/www.visionweb.com.ar\/index.php?rest_route=\/wp\/v2\/posts\/10116","targetHints":{"allow":["GET"]}}],"collection":[{"href":"https:\/\/www.visionweb.com.ar\/index.php?rest_route=\/wp\/v2\/posts"}],"about":[{"href":"https:\/\/www.visionweb.com.ar\/index.php?rest_route=\/wp\/v2\/types\/post"}],"author":[{"embeddable":true,"href":"https:\/\/www.visionweb.com.ar\/index.php?rest_route=\/wp\/v2\/users\/3"}],"replies":[{"embeddable":true,"href":"https:\/\/www.visionweb.com.ar\/index.php?rest_route=%2Fwp%2Fv2%2Fcomments&post=10116"}],"version-history":[{"count":3,"href":"https:\/\/www.visionweb.com.ar\/index.php?rest_route=\/wp\/v2\/posts\/10116\/revisions"}],"predecessor-version":[{"id":10119,"href":"https:\/\/www.visionweb.com.ar\/index.php?rest_route=\/wp\/v2\/posts\/10116\/revisions\/10119"}],"wp:featuredmedia":[{"embeddable":true,"href":"https:\/\/www.visionweb.com.ar\/index.php?rest_route=\/wp\/v2\/media\/3081"}],"wp:attachment":[{"href":"https:\/\/www.visionweb.com.ar\/index.php?rest_route=%2Fwp%2Fv2%2Fmedia&parent=10116"}],"wp:term":[{"taxonomy":"category","embeddable":true,"href":"https:\/\/www.visionweb.com.ar\/index.php?rest_route=%2Fwp%2Fv2%2Fcategories&post=10116"},{"taxonomy":"post_tag","embeddable":true,"href":"https:\/\/www.visionweb.com.ar\/index.php?rest_route=%2Fwp%2Fv2%2Ftags&post=10116"}],"curies":[{"name":"wp","href":"https:\/\/api.w.org\/{rel}","templated":true}]}}