{"id":10107,"date":"2023-03-27T08:21:59","date_gmt":"2023-03-27T11:21:59","guid":{"rendered":"https:\/\/www.visionweb.com.ar\/?p=10107"},"modified":"2023-03-27T08:21:59","modified_gmt":"2023-03-27T11:21:59","slug":"lomas-padres-reclaman-mejoras-edilicias-en-el-ensam","status":"publish","type":"post","link":"https:\/\/www.visionweb.com.ar\/?p=10107","title":{"rendered":"Lomas: Padres reclaman mejoras edilicias en el ENSAM"},"content":{"rendered":"<p><strong><em>Los reclamos se endurecieron despu\u00e9s que los alumnos de los niveles jard\u00edn de infantes, primaria, secundaria y del instituto de formaci\u00f3n superior de Banfield, debieron permanecer sin clases por una semana.<\/em><\/strong>\u00a0 <!--more--><\/p>\n<p><strong><img loading=\"lazy\" decoding=\"async\" class=\"size-medium wp-image-10108 alignright\" src=\"https:\/\/www.visionweb.com.ar\/wp-content\/uploads\/2023\/03\/INSTITUTO-MENTRUIT-300x169.png\" alt=\"\" width=\"300\" height=\"169\" srcset=\"https:\/\/www.visionweb.com.ar\/wp-content\/uploads\/2023\/03\/INSTITUTO-MENTRUIT-300x169.png 300w, https:\/\/www.visionweb.com.ar\/wp-content\/uploads\/2023\/03\/INSTITUTO-MENTRUIT.png 640w\" sizes=\"auto, (max-width: 300px) 100vw, 300px\" \/>U<\/strong>n grupo de padres y estudiantes de\u00a0 la comunidad educativa de la Escuela Normal Superior Antonio Mentruyt (ENSAM) de Banfield protestaron, el jueves \u00faltimo, en el Concejo Deliberante de Lomas de Zamora para exigir la finalizaci\u00f3n de las mejoras edilicias en la instituci\u00f3n, porque desde el 13 de marzo no tienen clases.<\/p>\n<p>Luego de interrumpir la sesi\u00f3n en el HCD lomense y de cortar la calle, los padres fueron recibidos por el secretario de Cultura y Educaci\u00f3n de Lomas de Zamora, Mat\u00edas Gasparini, quien les asegur\u00f3 que los y las estudiantes \u201cvolver\u00e1n a clases el pr\u00f3ximo lunes (por hoy)\u201d.<\/p>\n<p>En ese sentido, lograron la firma de un acta donde se se\u00f1ala que \u201cel Municipio est\u00e1 trabajando en el arreglo de los ba\u00f1os, <strong>para intentar terminar parte de la obra\u201d.\u00a0<\/strong><\/p>\n<p>Sin embargo, los padres aseguraron que de no ser as\u00ed, el lunes volver\u00e1n eate lunes al Municipio con una nueva movilizaci\u00f3n.<\/p>\n<p>En di\u00e1logo con AUNO, la madre de un alumno de la instituci\u00f3n, Andrea Fern\u00e1ndez, se\u00f1al\u00f3 que \u201cse habl\u00f3 de<strong>\u00a0una falta de suministro de agua, despu\u00e9s de tanques rotos y ba\u00f1os tapados\u201d<\/strong>.<\/p>\n<p>\u201cLas obras fueron pedidas en 2018, pero nunca se hicieron, esperaron a que comiencen las clases, vinieron el mi\u00e9rcoles pasado, pero fueron dos personas para semejante instituci\u00f3n\u201d, detall\u00f3.<\/p>\n<p>En ese sentido, Fern\u00e1ndez confirm\u00f3 que los directivos de la instituci\u00f3n informaron tiempo atr\u00e1s que \u201chab\u00eda peligro de que las clases inicien y la posibilidad de que las clases sean virtuales\u201d.<\/p>\n<p>Por su parte, la presidenta del Centro de Estudiantes Oktubre, Paloma Gabilondo, coincidi\u00f3 con Fern\u00e1ndez en que \u201cno arreglaron los ba\u00f1os\u201d por lo que no tienen clases presenciales y exigen una respuesta.\u00a0<strong>\u201cNos vienen diciendo que ya est\u00e1n arreglando la planta baja y estamos sin clases hace ocho d\u00edas\u201d, afirm\u00f3.\u00a0<\/strong><\/p>\n<p>Adem\u00e1s, Gabilondo explic\u00f3 que si ponen \u201cparches y parches a las ca\u00f1er\u00edas nunca se va a solucionar el problema\u201d y pidi\u00f3 que \u201cen vez de que trabajen tres personas haya m\u00ednimamente 10, porque el colegio es enorme\u201d.<\/p>\n<p>Las autoridades escolares pidieron reformas edilicias en 2018. El 13 de febrero se hicieron las presentaciones ante el Consejo Escolar Deliberante de Lomas de Zamora donde se\u00f1alaron \u201criesgo edilicio\u201d. Las clases iniciaron el 10 de marzo, sin embargo, el establecimiento fue cerrado por \u201cmalas condiciones\u201d. <strong>(VW)<\/strong><\/p>\n","protected":false},"excerpt":{"rendered":"<p>Los reclamos se endurecieron despu\u00e9s que los alumnos de los niveles jard\u00edn de infantes, primaria, secundaria y del instituto de formaci\u00f3n superior de Banfield, debieron permanecer sin clases por una semana.\u00a0<\/p>\n","protected":false},"author":3,"featured_media":10108,"comment_status":"closed","ping_status":"closed","sticky":false,"template":"","format":"standard","meta":{"_monsterinsights_skip_tracking":false,"_monsterinsights_sitenote_active":false,"_monsterinsights_sitenote_note":"","_monsterinsights_sitenote_category":0,"footnotes":""},"categories":[7],"tags":[4183,21,4182,4184],"class_list":["post-10107","post","type-post","status-publish","format-standard","has-post-thumbnail","hentry","category-educacion-y-cultura","tag-cd","tag-clases","tag-infraestrucutura","tag-padres"],"_links":{"self":[{"href":"https:\/\/www.visionweb.com.ar\/index.php?rest_route=\/wp\/v2\/posts\/10107","targetHints":{"allow":["GET"]}}],"collection":[{"href":"https:\/\/www.visionweb.com.ar\/index.php?rest_route=\/wp\/v2\/posts"}],"about":[{"href":"https:\/\/www.visionweb.com.ar\/index.php?rest_route=\/wp\/v2\/types\/post"}],"author":[{"embeddable":true,"href":"https:\/\/www.visionweb.com.ar\/index.php?rest_route=\/wp\/v2\/users\/3"}],"replies":[{"embeddable":true,"href":"https:\/\/www.visionweb.com.ar\/index.php?rest_route=%2Fwp%2Fv2%2Fcomments&post=10107"}],"version-history":[{"count":1,"href":"https:\/\/www.visionweb.com.ar\/index.php?rest_route=\/wp\/v2\/posts\/10107\/revisions"}],"predecessor-version":[{"id":10109,"href":"https:\/\/www.visionweb.com.ar\/index.php?rest_route=\/wp\/v2\/posts\/10107\/revisions\/10109"}],"wp:featuredmedia":[{"embeddable":true,"href":"https:\/\/www.visionweb.com.ar\/index.php?rest_route=\/wp\/v2\/media\/10108"}],"wp:attachment":[{"href":"https:\/\/www.visionweb.com.ar\/index.php?rest_route=%2Fwp%2Fv2%2Fmedia&parent=10107"}],"wp:term":[{"taxonomy":"category","embeddable":true,"href":"https:\/\/www.visionweb.com.ar\/index.php?rest_route=%2Fwp%2Fv2%2Fcategories&post=10107"},{"taxonomy":"post_tag","embeddable":true,"href":"https:\/\/www.visionweb.com.ar\/index.php?rest_route=%2Fwp%2Fv2%2Ftags&post=10107"}],"curies":[{"name":"wp","href":"https:\/\/api.w.org\/{rel}","templated":true}]}}