{"id":10100,"date":"2023-03-27T06:50:05","date_gmt":"2023-03-27T09:50:05","guid":{"rendered":"https:\/\/www.visionweb.com.ar\/?p=10100"},"modified":"2023-03-26T22:00:34","modified_gmt":"2023-03-27T01:00:34","slug":"la-provincia-de-buenos-aires-fue-el-destino-mas-elegido-durante-el-fin-de-semana-largo","status":"publish","type":"post","link":"https:\/\/www.visionweb.com.ar\/?p=10100","title":{"rendered":"La Provincia de Buenos Aires fue el destino m\u00e1s elegido durante el fin de semana largo"},"content":{"rendered":"<p><em><strong>Viajaron 880 mil turistas por el \u00a0feriado del D\u00eda de la Memoria, de los cuales se estima que el 40% eligieron la provincia de Buenos Aires, especialmente la Costa Atl\u00e1ntica, Tandil, San Pedro y Chascom\u00fas, entre otras ciudades.<\/strong><\/em><!--more--><\/p>\n<p><img loading=\"lazy\" decoding=\"async\" class=\"size-medium wp-image-10101 alignright\" src=\"https:\/\/www.visionweb.com.ar\/wp-content\/uploads\/2023\/03\/came-turismo-marz-23-300x102.png\" alt=\"\" width=\"300\" height=\"102\" srcset=\"https:\/\/www.visionweb.com.ar\/wp-content\/uploads\/2023\/03\/came-turismo-marz-23-300x102.png 300w, https:\/\/www.visionweb.com.ar\/wp-content\/uploads\/2023\/03\/came-turismo-marz-23.png 443w\" sizes=\"auto, (max-width: 300px) 100vw, 300px\" \/>\u00a0 <strong>L<\/strong>a Confederaci\u00f3n Argentina de la Mediana Empresa (<strong>CAME<\/strong>), inform\u00f3 que durante el segundo<strong> fin de semana largo<\/strong>\u00a0del a\u00f1o viajaron 880 mil personas por el pa\u00eds, que gastaron $26.467 millones en alimentos, bebidas, alojamiento, transporte, recreaci\u00f3n y compras diversas.<\/p>\n<p>En promedio, los turistas gastaron $10.590 diarios cada uno, y la estad\u00eda fue de casi 3 d\u00edas.<\/p>\n<p>Con respecto al clima, el tiempo fue inestable, con lluvias en algunas ciudades, especialmente el s\u00e1bado, en el norte y centro del pa\u00eds. Hubo vientos y temperaturas m\u00e1s bajas de lo que se ven\u00eda registrando, pero que igual permitieron momentos de esparcimiento al aire libre.<\/p>\n<p>Cabe destacar que la \u00faltima vez que el feriado por el\u00a0<strong>D\u00eda Nacional de la Memoria por la Verdad y la Justicia <\/strong>dio\u00a0lugar a un fin de semana tur\u00edstico fue en 2017, cuando casi un mill\u00f3n de viajeros recorrieron el pa\u00eds, 13,6% m\u00e1s que en este 2023.<\/p>\n<p>Sin embargo, a pesar de haber circulado menos gente,\u00a0<strong>el gasto total de este a\u00f1o, a precios reales, result\u00f3 0,2% superior<\/strong>.<\/p>\n<p>Para los empresarios del sector la fecha fue regular, pero la gastronom\u00eda trabaj\u00f3 bien. El viernes hubo m\u00e1s comercios abiertos que lo habitual para un feriado, especialmente en las ciudades m\u00e1s grandes.<\/p>\n<div id=\"attachment_10102\" style=\"width: 310px\" class=\"wp-caption alignright\"><img loading=\"lazy\" decoding=\"async\" aria-describedby=\"caption-attachment-10102\" class=\"wp-image-10102 size-medium\" src=\"https:\/\/www.visionweb.com.ar\/wp-content\/uploads\/2023\/03\/MDQ-2023-300x225.jpg\" alt=\"\" width=\"300\" height=\"225\" srcset=\"https:\/\/www.visionweb.com.ar\/wp-content\/uploads\/2023\/03\/MDQ-2023-300x225.jpg 300w, https:\/\/www.visionweb.com.ar\/wp-content\/uploads\/2023\/03\/MDQ-2023-320x240.jpg 320w, https:\/\/www.visionweb.com.ar\/wp-content\/uploads\/2023\/03\/MDQ-2023.jpg 370w\" sizes=\"auto, (max-width: 300px) 100vw, 300px\" \/><p id=\"caption-attachment-10102\" class=\"wp-caption-text\">Ciudad de Mar del Plata. (Foto de autor: Valentina Etchezuri)<\/p><\/div>\n<p><strong>Se estima que el 40% de los turistas del total que viajaron eligieron la provincia de Buenos Aires<\/strong>, especialmente la Costa Atl\u00e1ntica y ciudades del interior como Tandil, San Pedro, Chascom\u00fas, San Antonio de Areco, Lobos, Jun\u00edn o Tigre.<\/p>\n<p>Las ciudades en otras provincias m\u00e1s concurridas, fueron Bariloche, Mendoza, los valles de C\u00f3rdoba, las que tienen complejos termales, y tambi\u00e9n la Ciudad de Buenos Aires, que recibi\u00f3 una ola de turistas por el partido de la Selecci\u00f3n Argentina del jueves 23.<\/p>\n<p>Tambi\u00e9n\u00a0La Plata\u00a0tuvo mucha convocatoria, con la propuesta de visitar espacios marcados por la \u00faltima dictadura militar. La capital provincial ofreci\u00f3 una actividad de recorridos guiados en bicicleta por el Monumento a la Noche de los L\u00e1pices, Pa\u00f1uelos de Plaza San Mart\u00edn, el Museo de Arte y Memoria MAM y la ex Comisar\u00eda 5ta, entre otros. <strong>(VW)<\/strong><\/p>\n<p>&nbsp;<\/p>\n","protected":false},"excerpt":{"rendered":"<p>Viajaron 880 mil turistas por el \u00a0feriado del D\u00eda de la Memoria, de los cuales se estima que el 40% eligieron la provincia de Buenos Aires, especialmente la Costa Atl\u00e1ntica, Tandil, San Pedro y&#46;&#46;&#46;<\/p>\n","protected":false},"author":4,"featured_media":10102,"comment_status":"closed","ping_status":"closed","sticky":false,"template":"","format":"standard","meta":{"_monsterinsights_skip_tracking":false,"_monsterinsights_sitenote_active":false,"_monsterinsights_sitenote_note":"","_monsterinsights_sitenote_category":0,"footnotes":""},"categories":[700],"tags":[552,309,226,4181],"class_list":["post-10100","post","type-post","status-publish","format-standard","has-post-thumbnail","hentry","category-turismo","tag-buenos-aires","tag-came","tag-destinos","tag-turismo-finde-largo"],"_links":{"self":[{"href":"https:\/\/www.visionweb.com.ar\/index.php?rest_route=\/wp\/v2\/posts\/10100","targetHints":{"allow":["GET"]}}],"collection":[{"href":"https:\/\/www.visionweb.com.ar\/index.php?rest_route=\/wp\/v2\/posts"}],"about":[{"href":"https:\/\/www.visionweb.com.ar\/index.php?rest_route=\/wp\/v2\/types\/post"}],"author":[{"embeddable":true,"href":"https:\/\/www.visionweb.com.ar\/index.php?rest_route=\/wp\/v2\/users\/4"}],"replies":[{"embeddable":true,"href":"https:\/\/www.visionweb.com.ar\/index.php?rest_route=%2Fwp%2Fv2%2Fcomments&post=10100"}],"version-history":[{"count":1,"href":"https:\/\/www.visionweb.com.ar\/index.php?rest_route=\/wp\/v2\/posts\/10100\/revisions"}],"predecessor-version":[{"id":10103,"href":"https:\/\/www.visionweb.com.ar\/index.php?rest_route=\/wp\/v2\/posts\/10100\/revisions\/10103"}],"wp:featuredmedia":[{"embeddable":true,"href":"https:\/\/www.visionweb.com.ar\/index.php?rest_route=\/wp\/v2\/media\/10102"}],"wp:attachment":[{"href":"https:\/\/www.visionweb.com.ar\/index.php?rest_route=%2Fwp%2Fv2%2Fmedia&parent=10100"}],"wp:term":[{"taxonomy":"category","embeddable":true,"href":"https:\/\/www.visionweb.com.ar\/index.php?rest_route=%2Fwp%2Fv2%2Fcategories&post=10100"},{"taxonomy":"post_tag","embeddable":true,"href":"https:\/\/www.visionweb.com.ar\/index.php?rest_route=%2Fwp%2Fv2%2Ftags&post=10100"}],"curies":[{"name":"wp","href":"https:\/\/api.w.org\/{rel}","templated":true}]}}