{"id":10070,"date":"2023-03-23T08:58:59","date_gmt":"2023-03-23T11:58:59","guid":{"rendered":"https:\/\/www.visionweb.com.ar\/?p=10070"},"modified":"2023-03-23T08:58:59","modified_gmt":"2023-03-23T11:58:59","slug":"el-inta-y-la-asociacion-de-periodistas-agroalimentarios-firmaron-convenio-de-cooperacion","status":"publish","type":"post","link":"https:\/\/www.visionweb.com.ar\/?p=10070","title":{"rendered":"El INTA y la Asociaci\u00f3n de Periodistas Agroalimentarios firmaron convenio de cooperaci\u00f3n"},"content":{"rendered":"<p><em><strong>El acuerdo permitir\u00e1 a la instituci\u00f3n nacional potenciar la comunicaci\u00f3n de los emprendimientos entre otros temas que desarrolla a nivel pa\u00eds.<\/strong><\/em><!--more--><\/p>\n<p><strong><img loading=\"lazy\" decoding=\"async\" class=\"size-medium wp-image-10071 alignright\" src=\"https:\/\/www.visionweb.com.ar\/wp-content\/uploads\/2023\/03\/CONVENIO-UNO-300x200.png\" alt=\"\" width=\"300\" height=\"200\" srcset=\"https:\/\/www.visionweb.com.ar\/wp-content\/uploads\/2023\/03\/CONVENIO-UNO-300x200.png 300w, https:\/\/www.visionweb.com.ar\/wp-content\/uploads\/2023\/03\/CONVENIO-UNO.png 640w\" sizes=\"auto, (max-width: 300px) 100vw, 300px\" \/>E<\/strong>l\u00a0<strong>Instituto Nacional de Tecnolog\u00eda Agropecuaria\u00a0<\/strong>y l<strong>a Asociaci\u00f3n de Periodistas Agroalimentarios de la Ciudad de Buenos Aires, \u2018La Porte\u00f1a\u2019<\/strong>, firmaron este martes un c<strong>onvenio de colaboraci\u00f3n\u00a0<\/strong>que permitir\u00e1 la comunicaci\u00f3n en todo lo concerniente a la producci\u00f3n y a las cadenas de los alimentos.<\/p>\n<p>El acuerdo fue rubricado por los presidentes del Inta, Mariano Garmendia y de La Porte\u00f1a, Gabriel Qu\u00e1izel en la sede de la Fundaci\u00f3n ArgenInta, ubicada en la Capital Federal.<\/p>\n<p><img loading=\"lazy\" decoding=\"async\" class=\"size-medium wp-image-10072 alignleft\" src=\"https:\/\/www.visionweb.com.ar\/wp-content\/uploads\/2023\/03\/CONVENIO-TRES-300x200.png\" alt=\"\" width=\"300\" height=\"200\" srcset=\"https:\/\/www.visionweb.com.ar\/wp-content\/uploads\/2023\/03\/CONVENIO-TRES-300x200.png 300w, https:\/\/www.visionweb.com.ar\/wp-content\/uploads\/2023\/03\/CONVENIO-TRES.png 640w\" sizes=\"auto, (max-width: 300px) 100vw, 300px\" \/>\u201cEsto se comenz\u00f3 a trabajar el a\u00f1o pasado con uno de los sectores que comunica todos los d\u00edas la actividad agropecuaria y hoy sabemos que los comunicadores sociales tiene un rol fundamental. La firma de este convenio con \u2018La Porte\u00f1a\u2019 para el Inta es muy importante porque ayudar\u00e1 a que las cosas que se generan en nuestra Instituci\u00f3n podamos ponerla a disposici\u00f3n de la gente\u201d, sostuvo Garmendia.<\/p>\n<p>Por su parte, Qu\u00e1izel resalt\u00f3 que el acuerdo con el Instituto \u201cproyecta\u201d a la Asociaci\u00f3n a nivel nacional y le permite \u201cavanzar en la cuesti\u00f3n de complementar el periodismo agropecuario con lo agroalimentario, sobre todo en estos tiempos en que se polemiza sobre la sustentabilidad ambiental de la producci\u00f3n primaria y la inocuidad de los alimentos\u201d.<\/p>\n<p>La letra del convenio se\u00f1ala que \u201ctendr\u00e1 por objeto establecer un marco para la colaboraci\u00f3n entre el Inta y La Porte\u00f1a, en actividades de cooperaci\u00f3n t\u00e9cnica para realizar gestiones de comunicaci\u00f3n y eventos relacionados con los alimentos, su producci\u00f3n y consumo, y a ser programados preferentemente en unidades del Inta en el \u00c1rea Metropolitana de Buenos Aires (Amba).<img loading=\"lazy\" decoding=\"async\" class=\"size-medium wp-image-10073 alignright\" src=\"https:\/\/www.visionweb.com.ar\/wp-content\/uploads\/2023\/03\/CONVENIO-DOS-300x200.png\" alt=\"\" width=\"300\" height=\"200\" srcset=\"https:\/\/www.visionweb.com.ar\/wp-content\/uploads\/2023\/03\/CONVENIO-DOS-300x200.png 300w, https:\/\/www.visionweb.com.ar\/wp-content\/uploads\/2023\/03\/CONVENIO-DOS.png 640w\" sizes=\"auto, (max-width: 300px) 100vw, 300px\" \/><\/p>\n<p>En el Anexo 1 se especifica que las dos instituciones \u201cbuscar\u00e1n promover distintas actividades con foco en visibilizar la competitividad del sector agroalimentario argentino en un marco del desarrollo territorial sostenible. Recuperando para tal fin los productos y procesos generados por actores p\u00fablicos y privados que contribuyen a la puesta en valor de productos, procesos y costumbres; desde saberes y conocimientos para producci\u00f3n de alimentos, agregaci\u00f3n de valor, producciones regionales, innovaciones y desarrollos del sector\u201d<\/p>\n<p>\u201cLa concreci\u00f3n de cada iniciativa tendr\u00e1 como fin exponer, valorizar y promocionar los alimentos de las distintas regiones del pa\u00eds contribuyendo con el desarrollo de los territorios y productores\u201d, se resalta tambi\u00e9n en el convenio<strong>(Noticias AgroPecuarias)<\/strong>.<\/p>\n","protected":false},"excerpt":{"rendered":"<p>El acuerdo permitir\u00e1 a la instituci\u00f3n nacional potenciar la comunicaci\u00f3n de los emprendimientos entre otros temas que desarrolla a nivel pa\u00eds.<\/p>\n","protected":false},"author":3,"featured_media":10071,"comment_status":"closed","ping_status":"closed","sticky":false,"template":"","format":"standard","meta":{"_monsterinsights_skip_tracking":false,"_monsterinsights_sitenote_active":false,"_monsterinsights_sitenote_note":"","_monsterinsights_sitenote_category":0,"footnotes":""},"categories":[8],"tags":[4175,3158,1224,4174],"class_list":["post-10070","post","type-post","status-publish","format-standard","has-post-thumbnail","hentry","category-interes-general","tag-comunicacion","tag-inta","tag-la-portena","tag-periodistas"],"_links":{"self":[{"href":"https:\/\/www.visionweb.com.ar\/index.php?rest_route=\/wp\/v2\/posts\/10070","targetHints":{"allow":["GET"]}}],"collection":[{"href":"https:\/\/www.visionweb.com.ar\/index.php?rest_route=\/wp\/v2\/posts"}],"about":[{"href":"https:\/\/www.visionweb.com.ar\/index.php?rest_route=\/wp\/v2\/types\/post"}],"author":[{"embeddable":true,"href":"https:\/\/www.visionweb.com.ar\/index.php?rest_route=\/wp\/v2\/users\/3"}],"replies":[{"embeddable":true,"href":"https:\/\/www.visionweb.com.ar\/index.php?rest_route=%2Fwp%2Fv2%2Fcomments&post=10070"}],"version-history":[{"count":1,"href":"https:\/\/www.visionweb.com.ar\/index.php?rest_route=\/wp\/v2\/posts\/10070\/revisions"}],"predecessor-version":[{"id":10074,"href":"https:\/\/www.visionweb.com.ar\/index.php?rest_route=\/wp\/v2\/posts\/10070\/revisions\/10074"}],"wp:featuredmedia":[{"embeddable":true,"href":"https:\/\/www.visionweb.com.ar\/index.php?rest_route=\/wp\/v2\/media\/10071"}],"wp:attachment":[{"href":"https:\/\/www.visionweb.com.ar\/index.php?rest_route=%2Fwp%2Fv2%2Fmedia&parent=10070"}],"wp:term":[{"taxonomy":"category","embeddable":true,"href":"https:\/\/www.visionweb.com.ar\/index.php?rest_route=%2Fwp%2Fv2%2Fcategories&post=10070"},{"taxonomy":"post_tag","embeddable":true,"href":"https:\/\/www.visionweb.com.ar\/index.php?rest_route=%2Fwp%2Fv2%2Ftags&post=10070"}],"curies":[{"name":"wp","href":"https:\/\/api.w.org\/{rel}","templated":true}]}}