{"id":10065,"date":"2023-03-22T14:00:08","date_gmt":"2023-03-22T17:00:08","guid":{"rendered":"https:\/\/www.visionweb.com.ar\/?p=10065"},"modified":"2023-03-22T14:13:39","modified_gmt":"2023-03-22T17:13:39","slug":"hoy-es-el-dia-mundial-del-agua","status":"publish","type":"post","link":"https:\/\/www.visionweb.com.ar\/?p=10065","title":{"rendered":"Hoy es el D\u00eda Mundial del Agua"},"content":{"rendered":"<p><strong><em>Se proclam\u00f3 en 1992 por la ONU. Se busca crear la conciencia de que es \u2018un recurso limitado\u2019 y de que existen millones de personas sin acceso al agua potable.<\/em><\/strong><!--more--><\/p>\n<p><img loading=\"lazy\" decoding=\"async\" class=\"size-medium wp-image-7049 alignright\" src=\"https:\/\/www.visionweb.com.ar\/wp-content\/uploads\/2022\/08\/AGUA-absa-300x163.png\" alt=\"\" width=\"300\" height=\"163\" srcset=\"https:\/\/www.visionweb.com.ar\/wp-content\/uploads\/2022\/08\/AGUA-absa-300x163.png 300w, https:\/\/www.visionweb.com.ar\/wp-content\/uploads\/2022\/08\/AGUA-absa.png 640w\" sizes=\"auto, (max-width: 300px) 100vw, 300px\" \/>El<strong>\u00a0D\u00eda Mundial del Agua <\/strong>se celebra el 22 de marzo de cada a\u00f1o\u00a0y su principal objetivo es\u00a0crear conciencia en el hombre de la importancia de cuidar el l\u00edquido potabilizado para la vida de los seres humanos y en general para todas las especies del planeta.<\/p>\n<p>La intenci\u00f3n de la celebraci\u00f3n es dar a conocer el problema de los millones de personas que no tienen acceso al suministro de agua potable y las medidas urgentes que se deben tomar al respecto para hacer frente a este problema.<\/p>\n<p>El D\u00eda Mundial del Agua fue proclamado por la\u00a0<em>Organizaci\u00f3n de las Naciones Unidas<\/em>\u00a0en 1992. Ese a\u00f1o se celebr\u00f3 en R\u00edo de Janeiro la Conferencia de las Naciones Unidas sobre el Medio Ambiente y el Desarrollo. De all\u00ed surgi\u00f3 la propuesta, siendo 1993 el primer a\u00f1o de celebraci\u00f3n.<\/p>\n<p>Posteriormente tuvieron lugar otras menciones como el A\u00f1o Internacional de Cooperaci\u00f3n en la Esfera del Agua 2013 y el Decenio \u201cAgua para el Desarrollo Sostenible\u201d, 2018-2028. Todo esto remarca la idea de la ONU de que el agua es fundamental para el desarrollo y la paz mundial.<\/p>\n<p><strong>\u00bfQu\u00e9 es el Agua?<\/strong><\/p>\n<p>La ONU define que el agua es un recurso natural compuesto por mol\u00e9culas de hidr\u00f3geno y ox\u00edgeno, que es indispensable para la vida. Es un bien considerado como el oro l\u00edquido del planeta y que hace posible que todas las especies terrestres contin\u00faen creciendo y desarroll\u00e1ndose cada d\u00eda.\u00a0De ah\u00ed\u00a0<strong>la importancia de evitar su despilfarro.<\/strong><\/p>\n<h4><em>Es un recurso limitado, todo lo contrario de lo que piensan muchas personas. En este sentido, hace falta una mayor toma de conciencia para su preservaci\u00f3n, porque si alg\u00fan d\u00eda llegara a escasear, traer\u00eda consecuencias irreversibles para la humanidad.<\/em><\/h4>\n<p>El agua<strong>\u00a0est\u00e1 estrechamente vinculada<\/strong>\u00a0al cambio clim\u00e1tico. De hecho la campa\u00f1a de 2020 se centr\u00f3 en la\u00a0<strong>importancia de reducir las inundaciones, sequ\u00edas, la contaminaci\u00f3n del agua y su escasez.<\/strong><\/p>\n<p>Si controlamos los recursos h\u00eddricos, seremos capaces de reducir los gases de efecto invernadero. Es importante buscar soluciones sostenibles para el acceso al agua potable y al saneamiento. Y todos nosotros tenemos un papel en esta lucha, porque peque\u00f1as acciones por nuestra parte se traducen en grandes cambio<strong>(VW)<\/strong><\/p>\n","protected":false},"excerpt":{"rendered":"<p>Se proclam\u00f3 en 1992 por la ONU. Se busca crear la conciencia de que es \u2018un recurso limitado\u2019 y de que existen millones de personas sin acceso al agua potable.<\/p>\n","protected":false},"author":3,"featured_media":1441,"comment_status":"closed","ping_status":"closed","sticky":false,"template":"","format":"standard","meta":{"_monsterinsights_skip_tracking":false,"_monsterinsights_sitenote_active":false,"_monsterinsights_sitenote_note":"","_monsterinsights_sitenote_category":0,"footnotes":""},"categories":[3],"tags":[2859,219,3467],"class_list":["post-10065","post","type-post","status-publish","format-standard","has-post-thumbnail","hentry","category-actualidad","tag-agua","tag-dia","tag-mundial"],"_links":{"self":[{"href":"https:\/\/www.visionweb.com.ar\/index.php?rest_route=\/wp\/v2\/posts\/10065","targetHints":{"allow":["GET"]}}],"collection":[{"href":"https:\/\/www.visionweb.com.ar\/index.php?rest_route=\/wp\/v2\/posts"}],"about":[{"href":"https:\/\/www.visionweb.com.ar\/index.php?rest_route=\/wp\/v2\/types\/post"}],"author":[{"embeddable":true,"href":"https:\/\/www.visionweb.com.ar\/index.php?rest_route=\/wp\/v2\/users\/3"}],"replies":[{"embeddable":true,"href":"https:\/\/www.visionweb.com.ar\/index.php?rest_route=%2Fwp%2Fv2%2Fcomments&post=10065"}],"version-history":[{"count":4,"href":"https:\/\/www.visionweb.com.ar\/index.php?rest_route=\/wp\/v2\/posts\/10065\/revisions"}],"predecessor-version":[{"id":10069,"href":"https:\/\/www.visionweb.com.ar\/index.php?rest_route=\/wp\/v2\/posts\/10065\/revisions\/10069"}],"wp:featuredmedia":[{"embeddable":true,"href":"https:\/\/www.visionweb.com.ar\/index.php?rest_route=\/wp\/v2\/media\/1441"}],"wp:attachment":[{"href":"https:\/\/www.visionweb.com.ar\/index.php?rest_route=%2Fwp%2Fv2%2Fmedia&parent=10065"}],"wp:term":[{"taxonomy":"category","embeddable":true,"href":"https:\/\/www.visionweb.com.ar\/index.php?rest_route=%2Fwp%2Fv2%2Fcategories&post=10065"},{"taxonomy":"post_tag","embeddable":true,"href":"https:\/\/www.visionweb.com.ar\/index.php?rest_route=%2Fwp%2Fv2%2Ftags&post=10065"}],"curies":[{"name":"wp","href":"https:\/\/api.w.org\/{rel}","templated":true}]}}