{"id":10063,"date":"2023-03-22T09:48:33","date_gmt":"2023-03-22T12:48:33","guid":{"rendered":"https:\/\/www.visionweb.com.ar\/?p=10063"},"modified":"2023-03-22T09:48:33","modified_gmt":"2023-03-22T12:48:33","slug":"mas-escuelas-bonaerenses-incorporaran-una-hora-mas-de-clase-por-dia","status":"publish","type":"post","link":"https:\/\/www.visionweb.com.ar\/?p=10063","title":{"rendered":"M\u00e1s escuelas bonaerenses incorporar\u00e1n una hora m\u00e1s de clase por d\u00eda"},"content":{"rendered":"<p><em><strong>De esta manera se suman a las 906 escuelas bonaerenses que se incorporaron al programa el a\u00f1o pasado, ya se suman un total de 2.475 establecimientos educativos.<\/strong><\/em><!--more--><\/p>\n<p><strong>\u00a0 \u00a0 \u00a0 <img loading=\"lazy\" decoding=\"async\" class=\"size-medium wp-image-3455 alignright\" src=\"https:\/\/www.visionweb.com.ar\/wp-content\/uploads\/2021\/11\/CHICOS-SIN-BARBIJOS-EN-LAS-ESCUELAS-300x169.png\" alt=\"\" width=\"300\" height=\"169\" srcset=\"https:\/\/www.visionweb.com.ar\/wp-content\/uploads\/2021\/11\/CHICOS-SIN-BARBIJOS-EN-LAS-ESCUELAS-300x169.png 300w, https:\/\/www.visionweb.com.ar\/wp-content\/uploads\/2021\/11\/CHICOS-SIN-BARBIJOS-EN-LAS-ESCUELAS.png 640w\" sizes=\"auto, (max-width: 300px) 100vw, 300px\" \/>\u00a0 M<\/strong>\u00e1s de 1.500 escuelas primarias de la provincia de Buenos Aires sumar\u00e1n una hora m\u00e1s de clase por d\u00eda a partir del 1 de abril para alcanzar las 25 horas semanales.<\/p>\n<p>Con la medida se reforzar\u00e1n\u00a0 los aprendizajes, seg\u00fan un convenio firmado el lunes por el ministro de Educaci\u00f3n de la Naci\u00f3n, Jaime Perczyk, con las instituciones educativas bonaerenses.<\/p>\n<p>A partir del 1 de abril, se incorporar\u00e1n al programa Una Hora M\u00e1s un total de 1.569 escuelas primarias de gesti\u00f3n estatal que hasta hoy ten\u00edan jornada simple, de las cuales 205 de ellas pasar\u00e1n a tener jornada completa y las otras 1.364 escuelas pasar\u00e1n a tener una hora adicional, se inform\u00f3 oficialmente.<\/p>\n<p>De esta manera se suman a las 906 escuelas bonaerenses que se incorporaron al programa el a\u00f1o pasado, con lo que suman un total de 2.475 establecimientos educativos bonaerenses que extendieron su jornada escolar.<\/p>\n<p>\u201cCasi 10 mil escuelas de todo el pa\u00eds tendr\u00e1n una hora m\u00e1s de clase por d\u00eda o ser\u00e1n de jornada extendida o completa a partir de los convenios que firmamos con 21 provincias y la Ciudad de Buenos Aires\u201d, destac\u00f3 Perczyk.<\/p>\n<p>Durante la firma del convenio, el ministro precis\u00f3 que hasta este a\u00f1o \u201cs\u00f3lo el 17% de las escuelas primarias ten\u00eda m\u00e1s de 20 horas semanales de clase y hoy el 75% tiene al menos 25 horas\u201d y asegur\u00f3 que la medida consensuada en el Consejo Federal de Educaci\u00f3n \u201cimplica levantar el piso para nivelar hacia arriba\u201d.<\/p>\n<p>\u201cSon millones de horas m\u00e1s para ense\u00f1ar, 38 d\u00edas m\u00e1s de clase por a\u00f1o para reforzar la Lengua y Matem\u00e1tica. La Argentina pasa de 720 horas anuales a 960 en las escuelas primarias\u201d, sostuvo.<strong>(VW)<\/strong><\/p>\n","protected":false},"excerpt":{"rendered":"<p>De esta manera se suman a las 906 escuelas bonaerenses que se incorporaron al programa el a\u00f1o pasado, ya se suman un total de 2.475 establecimientos educativos.<\/p>\n","protected":false},"author":3,"featured_media":3455,"comment_status":"closed","ping_status":"closed","sticky":false,"template":"","format":"standard","meta":{"_monsterinsights_skip_tracking":false,"_monsterinsights_sitenote_active":false,"_monsterinsights_sitenote_note":"","_monsterinsights_sitenote_category":0,"footnotes":""},"categories":[3],"tags":[430,4173,2242],"class_list":["post-10063","post","type-post","status-publish","format-standard","has-post-thumbnail","hentry","category-actualidad","tag-escuelas","tag-horas","tag-refuerzo"],"_links":{"self":[{"href":"https:\/\/www.visionweb.com.ar\/index.php?rest_route=\/wp\/v2\/posts\/10063","targetHints":{"allow":["GET"]}}],"collection":[{"href":"https:\/\/www.visionweb.com.ar\/index.php?rest_route=\/wp\/v2\/posts"}],"about":[{"href":"https:\/\/www.visionweb.com.ar\/index.php?rest_route=\/wp\/v2\/types\/post"}],"author":[{"embeddable":true,"href":"https:\/\/www.visionweb.com.ar\/index.php?rest_route=\/wp\/v2\/users\/3"}],"replies":[{"embeddable":true,"href":"https:\/\/www.visionweb.com.ar\/index.php?rest_route=%2Fwp%2Fv2%2Fcomments&post=10063"}],"version-history":[{"count":1,"href":"https:\/\/www.visionweb.com.ar\/index.php?rest_route=\/wp\/v2\/posts\/10063\/revisions"}],"predecessor-version":[{"id":10064,"href":"https:\/\/www.visionweb.com.ar\/index.php?rest_route=\/wp\/v2\/posts\/10063\/revisions\/10064"}],"wp:featuredmedia":[{"embeddable":true,"href":"https:\/\/www.visionweb.com.ar\/index.php?rest_route=\/wp\/v2\/media\/3455"}],"wp:attachment":[{"href":"https:\/\/www.visionweb.com.ar\/index.php?rest_route=%2Fwp%2Fv2%2Fmedia&parent=10063"}],"wp:term":[{"taxonomy":"category","embeddable":true,"href":"https:\/\/www.visionweb.com.ar\/index.php?rest_route=%2Fwp%2Fv2%2Fcategories&post=10063"},{"taxonomy":"post_tag","embeddable":true,"href":"https:\/\/www.visionweb.com.ar\/index.php?rest_route=%2Fwp%2Fv2%2Ftags&post=10063"}],"curies":[{"name":"wp","href":"https:\/\/api.w.org\/{rel}","templated":true}]}}