{"id":10060,"date":"2023-03-22T09:39:55","date_gmt":"2023-03-22T12:39:55","guid":{"rendered":"https:\/\/www.visionweb.com.ar\/?p=10060"},"modified":"2023-03-22T09:39:55","modified_gmt":"2023-03-22T12:39:55","slug":"descarrilo-un-tren-de-larga-distancia-con-247-pasajeros-en-olavarria","status":"publish","type":"post","link":"https:\/\/www.visionweb.com.ar\/?p=10060","title":{"rendered":"Descarril\u00f3 un tren de larga distancia con 247 pasajeros en Olavarr\u00eda"},"content":{"rendered":"<p><em><strong>Viajaba desde Buenos Aires a Bah\u00eda Blanca. Fue en la noche del martes. No se registraron heridos en la formaci\u00f3n.<\/strong><\/em><!--more--><\/p>\n<div id=\"attachment_10061\" style=\"width: 310px\" class=\"wp-caption alignright\"><img loading=\"lazy\" decoding=\"async\" aria-describedby=\"caption-attachment-10061\" class=\"wp-image-10061 size-medium\" src=\"https:\/\/www.visionweb.com.ar\/wp-content\/uploads\/2023\/03\/DESCARRILAMIENTO-300x191.png\" alt=\"\" width=\"300\" height=\"191\" srcset=\"https:\/\/www.visionweb.com.ar\/wp-content\/uploads\/2023\/03\/DESCARRILAMIENTO-300x191.png 300w, https:\/\/www.visionweb.com.ar\/wp-content\/uploads\/2023\/03\/DESCARRILAMIENTO.png 600w\" sizes=\"auto, (max-width: 300px) 100vw, 300px\" \/><p id=\"caption-attachment-10061\" class=\"wp-caption-text\"><strong><em>El descarrilamiento se produjo a la altura de Olavarr\u00eda, el tren se dirig\u00eda a Bah\u00eda Blanca (Foto: prensa Ferrocarriles) <\/em><\/strong><\/p><\/div>\n<p><strong>\u00a0 \u00a0 \u00a0 \u00a0 \u00a0 U<\/strong>n tren de larga distancia que viajaba desde Buenos Aires con destino a Bah\u00eda Blanca descarrill\u00f3 a la altura de Olavarr\u00eda, y ni los 247 pasajeros ni 19 tripulantes que iban a bordo sufrieron heridas.<\/p>\n<p>Por causas que por el momento son materia de investigaci\u00f3n, se salieron de la v\u00eda\u00a0la locomotora, el furg\u00f3n y dos coches pullman de la\u00a0formaci\u00f3n 333\u00a0por lo que r\u00e1pidamente acudieron efectivos policiales del\u00a0Comando de Prevenci\u00f3n Rural\u00a0y de\u00a0Control Urbano\u00a0para asistir a los pasajeros.<\/p>\n<p>Seg\u00fan el comunicado difundido por la empresa Trenes Argentinos, el descarrilamiento de la formaci\u00f3n N\u00b0 333 del tren Bahiense ocurri\u00f3 a las 23:48 de este martes.\u00a0\u201cTodos los pasajeros se encuentran\u00a0sin lesiones\u00a0y ya son trasladados a sus destinos en micros dispuestos por la empresa\u201d, precisaron desde Trenes Argentinos.<\/p>\n<p>Adem\u00e1s se\u00f1alaron que\u00a0\u201cse est\u00e1n investigando las causas del descalce de la locomotora, el furg\u00f3n y dos coches pullman.\u00a0Las y los pasajeros fueron asistidos y permanecieron en la formaci\u00f3n por seguridad hasta ser evacuados. La operaci\u00f3n y mantenimiento de las v\u00edas est\u00e1 a cargo de Ferro Expreso Pampeano\u201d.<\/p>\n<p>Mientras que tres micros dispuestos por Trenes Argentinos partieron a Bah\u00eda Blanca con pasajeros, otros tres lo hicieron con paradas intermedias, en todos los casos acompa\u00f1ados por personal de la empresa.<\/p>\n<p>Cabe recordar que el 8 de marzo del a\u00f1o pasado, la misma formaci\u00f3n que tambi\u00e9n viajaba desde Olavarr\u00eda a Bah\u00eda Blanca, se descarril\u00f3 y dej\u00f3 un saldo de 22 personas hospitalizadas as\u00ed como cientos de pasajeros varados.<\/p>\n","protected":false},"excerpt":{"rendered":"<p>Viajaba desde Buenos Aires a Bah\u00eda Blanca. Fue en la noche del martes. No se registraron heridos en la formaci\u00f3n.<\/p>\n","protected":false},"author":3,"featured_media":10061,"comment_status":"closed","ping_status":"closed","sticky":false,"template":"","format":"standard","meta":{"_monsterinsights_skip_tracking":false,"_monsterinsights_sitenote_active":false,"_monsterinsights_sitenote_note":"","_monsterinsights_sitenote_category":0,"footnotes":""},"categories":[8],"tags":[1861,1929,154],"class_list":["post-10060","post","type-post","status-publish","format-standard","has-post-thumbnail","hentry","category-interes-general","tag-bahia-blanca","tag-constitucion","tag-olavarria"],"_links":{"self":[{"href":"https:\/\/www.visionweb.com.ar\/index.php?rest_route=\/wp\/v2\/posts\/10060","targetHints":{"allow":["GET"]}}],"collection":[{"href":"https:\/\/www.visionweb.com.ar\/index.php?rest_route=\/wp\/v2\/posts"}],"about":[{"href":"https:\/\/www.visionweb.com.ar\/index.php?rest_route=\/wp\/v2\/types\/post"}],"author":[{"embeddable":true,"href":"https:\/\/www.visionweb.com.ar\/index.php?rest_route=\/wp\/v2\/users\/3"}],"replies":[{"embeddable":true,"href":"https:\/\/www.visionweb.com.ar\/index.php?rest_route=%2Fwp%2Fv2%2Fcomments&post=10060"}],"version-history":[{"count":1,"href":"https:\/\/www.visionweb.com.ar\/index.php?rest_route=\/wp\/v2\/posts\/10060\/revisions"}],"predecessor-version":[{"id":10062,"href":"https:\/\/www.visionweb.com.ar\/index.php?rest_route=\/wp\/v2\/posts\/10060\/revisions\/10062"}],"wp:featuredmedia":[{"embeddable":true,"href":"https:\/\/www.visionweb.com.ar\/index.php?rest_route=\/wp\/v2\/media\/10061"}],"wp:attachment":[{"href":"https:\/\/www.visionweb.com.ar\/index.php?rest_route=%2Fwp%2Fv2%2Fmedia&parent=10060"}],"wp:term":[{"taxonomy":"category","embeddable":true,"href":"https:\/\/www.visionweb.com.ar\/index.php?rest_route=%2Fwp%2Fv2%2Fcategories&post=10060"},{"taxonomy":"post_tag","embeddable":true,"href":"https:\/\/www.visionweb.com.ar\/index.php?rest_route=%2Fwp%2Fv2%2Ftags&post=10060"}],"curies":[{"name":"wp","href":"https:\/\/api.w.org\/{rel}","templated":true}]}}