{"id":10052,"date":"2023-03-21T08:22:42","date_gmt":"2023-03-21T11:22:42","guid":{"rendered":"https:\/\/www.visionweb.com.ar\/?p=10052"},"modified":"2023-03-21T08:24:21","modified_gmt":"2023-03-21T11:24:21","slug":"hoy-comienza-el-otono","status":"publish","type":"post","link":"https:\/\/www.visionweb.com.ar\/?p=10052","title":{"rendered":"Hoy comienza el Oto\u00f1o"},"content":{"rendered":"<p><strong><em>Para muchos una de las estaciones m\u00e1s bellas del a\u00f1o por sus bondades clim\u00e1ticas. Una estaci\u00f3n ideal para los paseos al aire libre.<\/em><\/strong>\u00a0 <!--more--><\/p>\n<div id=\"attachment_10053\" style=\"width: 310px\" class=\"wp-caption alignright\"><img loading=\"lazy\" decoding=\"async\" aria-describedby=\"caption-attachment-10053\" class=\"size-medium wp-image-10053\" src=\"https:\/\/www.visionweb.com.ar\/wp-content\/uploads\/2023\/03\/ARRANCA-EL-OTONO-300x199.jpg\" alt=\"\" width=\"300\" height=\"199\" srcset=\"https:\/\/www.visionweb.com.ar\/wp-content\/uploads\/2023\/03\/ARRANCA-EL-OTONO-300x199.jpg 300w, https:\/\/www.visionweb.com.ar\/wp-content\/uploads\/2023\/03\/ARRANCA-EL-OTONO.jpg 640w\" sizes=\"auto, (max-width: 300px) 100vw, 300px\" \/><p id=\"caption-attachment-10053\" class=\"wp-caption-text\"><strong><em>El oto\u00f1o que se inicia tendr\u00e1 temperaturas superiores a la media de la segunda estaci\u00f3n del a\u00f1o (Foto del autor)<\/em><\/strong><\/p><\/div>\n<p><strong>M<\/strong>arzo ya inici\u00f3 su segunda quincena, la primera semana de este segunda periodo reflej\u00f3 una continuidad del verano extra large 2023.<\/p>\n<p>Las temperaturas que superaron con comodidad los 30 grados cent\u00edgrados, pero pero desde este lunes parece que el escenario clim\u00e1tico cambio.<\/p>\n<p>En esta nota el Servicio Meteorol\u00f3gico Nacional (SMN),\u00a0 nos cuenta que pron\u00f3stico se espera para los pr\u00f3ximos tres meses.<\/p>\n<p>Como todos los meses, compartimos la nueva actualizaci\u00f3n del\u00a0<strong><u><a href=\"https:\/\/www.smn.gob.ar\/sites\/default\/files\/pronostico_climatico_trimestral_032023.pdf\">Pron\u00f3stico Clim\u00e1tico Trimestral (PCT)<\/a><\/u><\/strong>\u00a0que\u00a0<strong>muestra la tendencia de temperatura media y precipitaci\u00f3n esperada para el pr\u00f3ximo trimestre<\/strong>.<\/p>\n<p><img loading=\"lazy\" decoding=\"async\" class=\"size-medium wp-image-10054 alignleft\" src=\"https:\/\/www.visionweb.com.ar\/wp-content\/uploads\/2023\/03\/CLIMA-OTONO-245x300.png\" alt=\"\" width=\"245\" height=\"300\" srcset=\"https:\/\/www.visionweb.com.ar\/wp-content\/uploads\/2023\/03\/CLIMA-OTONO-245x300.png 245w, https:\/\/www.visionweb.com.ar\/wp-content\/uploads\/2023\/03\/CLIMA-OTONO.png 480w\" sizes=\"auto, (max-width: 245px) 100vw, 245px\" \/>Durante este trimestre hay una mayor probabilidad de\u00a0<strong>registrar temperaturas superiores a lo normal<\/strong>\u00a0en gran parte del centro y norte de Argentina. En el NOA (Noroeste Argentino) y el centro y norte de Patagonia, \u00e9stas pueden ser\u00a0<strong>normales o superiores a lo normales<\/strong>. Debido a esta situaci\u00f3n pueden desarrollarse, especialmente en la primera parte del oto\u00f1o,\u00a0<strong>eventos tard\u00edos de ola de calor<\/strong>, por lo que se recomienda informarse con el\u00a0<strong><em><a href=\"https:\/\/www.smn.gob.ar\/sistema_temp_extremas_calor\">SAT por temperaturas extremas<\/a><\/em><\/strong>.<\/p>\n<p><strong>Pron\u00f3stico de precipitaciones<\/strong><\/p>\n<p>Para el periodo marzo-abril-mayo 2023 es m\u00e1s probable que se registren<strong>\u00a0<\/strong>lluvias<strong>\u00a0normales o inferiores a lo normales<\/strong>\u00a0en el norte del Litoral, Cuyo y el centro y norte de Patagonia, mientras que, en el extremo norte argentino se espera que se mantengan\u00a0<strong>dentro del rango normal<\/strong><\/p>\n<p>En las provincias del NOA, en cambio, hay una mayor probabilidad de registrar lluvias\u00a0<strong>por encima de lo normal<\/strong>.\u00a0Las \u00e1reas en blanco corresponden a lo que denominamos\u00a0<em>climatolog\u00eda,\u00a0<\/em>cuando ninguna categor\u00eda (<em>superior a lo normal, normal o inferior a lo normal<\/em>) se ve favorecida, por lo que hay igual probabilidad de ocurrencia para estas tres \u00e1reas<strong>(VW)<\/strong>.<\/p>\n<p>&nbsp;<\/p>\n","protected":false},"excerpt":{"rendered":"<p>Para muchos una de las estaciones m\u00e1s bellas del a\u00f1o por sus bondades clim\u00e1ticas. Una estaci\u00f3n ideal para los paseos al aire libre.\u00a0<\/p>\n","protected":false},"author":3,"featured_media":10053,"comment_status":"closed","ping_status":"closed","sticky":false,"template":"","format":"standard","meta":{"_monsterinsights_skip_tracking":false,"_monsterinsights_sitenote_active":false,"_monsterinsights_sitenote_note":"","_monsterinsights_sitenote_category":0,"footnotes":""},"categories":[3],"tags":[3937,1558,1633],"class_list":["post-10052","post","type-post","status-publish","format-standard","has-post-thumbnail","hentry","category-actualidad","tag-clima","tag-otono","tag-temperaturas"],"_links":{"self":[{"href":"https:\/\/www.visionweb.com.ar\/index.php?rest_route=\/wp\/v2\/posts\/10052","targetHints":{"allow":["GET"]}}],"collection":[{"href":"https:\/\/www.visionweb.com.ar\/index.php?rest_route=\/wp\/v2\/posts"}],"about":[{"href":"https:\/\/www.visionweb.com.ar\/index.php?rest_route=\/wp\/v2\/types\/post"}],"author":[{"embeddable":true,"href":"https:\/\/www.visionweb.com.ar\/index.php?rest_route=\/wp\/v2\/users\/3"}],"replies":[{"embeddable":true,"href":"https:\/\/www.visionweb.com.ar\/index.php?rest_route=%2Fwp%2Fv2%2Fcomments&post=10052"}],"version-history":[{"count":2,"href":"https:\/\/www.visionweb.com.ar\/index.php?rest_route=\/wp\/v2\/posts\/10052\/revisions"}],"predecessor-version":[{"id":10056,"href":"https:\/\/www.visionweb.com.ar\/index.php?rest_route=\/wp\/v2\/posts\/10052\/revisions\/10056"}],"wp:featuredmedia":[{"embeddable":true,"href":"https:\/\/www.visionweb.com.ar\/index.php?rest_route=\/wp\/v2\/media\/10053"}],"wp:attachment":[{"href":"https:\/\/www.visionweb.com.ar\/index.php?rest_route=%2Fwp%2Fv2%2Fmedia&parent=10052"}],"wp:term":[{"taxonomy":"category","embeddable":true,"href":"https:\/\/www.visionweb.com.ar\/index.php?rest_route=%2Fwp%2Fv2%2Fcategories&post=10052"},{"taxonomy":"post_tag","embeddable":true,"href":"https:\/\/www.visionweb.com.ar\/index.php?rest_route=%2Fwp%2Fv2%2Ftags&post=10052"}],"curies":[{"name":"wp","href":"https:\/\/api.w.org\/{rel}","templated":true}]}}