{"id":10049,"date":"2023-03-20T16:10:49","date_gmt":"2023-03-20T19:10:49","guid":{"rendered":"https:\/\/www.visionweb.com.ar\/?p=10049"},"modified":"2023-03-20T16:19:37","modified_gmt":"2023-03-20T19:19:37","slug":"reconocieron-a-mujeres-emprendedoras-de-la-provincia-de-buenos-aires","status":"publish","type":"post","link":"https:\/\/www.visionweb.com.ar\/?p=10049","title":{"rendered":"Reconocieron a mujeres emprendedoras de la provincia de Buenos Aires"},"content":{"rendered":"<p><em><strong>La actividad se realiz\u00f3 en el Sal\u00f3n de Los Pasos Perdidos de la C\u00e1mara de Diputados y fue organizada por la diputada Anah\u00ed Bilbao, quien estuvo acompa\u00f1ada del diputado Maximiliano Abad.<\/strong><\/em><!--more--><\/p>\n<div id=\"attachment_10050\" style=\"width: 310px\" class=\"wp-caption alignright\"><img loading=\"lazy\" decoding=\"async\" aria-describedby=\"caption-attachment-10050\" class=\"wp-image-10050 size-medium\" src=\"https:\/\/www.visionweb.com.ar\/wp-content\/uploads\/2023\/03\/ABAD-Maximiliano-300x193.png\" alt=\"\" width=\"300\" height=\"193\" srcset=\"https:\/\/www.visionweb.com.ar\/wp-content\/uploads\/2023\/03\/ABAD-Maximiliano-300x193.png 300w, https:\/\/www.visionweb.com.ar\/wp-content\/uploads\/2023\/03\/ABAD-Maximiliano.png 640w\" sizes=\"auto, (max-width: 300px) 100vw, 300px\" \/><p id=\"caption-attachment-10050\" class=\"wp-caption-text\"><strong><em>El diputado ABAD, junto a las mujeres emprendedoras que recibieron su distinci\u00f3n por los trabajo realizados. (Foto: Prensa Diputados)<\/em><\/strong><\/p><\/div>\n<p><strong>\u00a0 \u00a0 \u00a0 E<\/strong>l Sal\u00f3n de Los Pasos Perdidos del Congreso de la naci\u00f3n, fue el escenario que eligieron los legisladores con mandato en la legislatura provincial, el lugar elegido para la entrega del \u00abReconocimientoa las mujeres emprendedoras de la provincia de Buenos Aires.<\/p>\n<p>El encuentro fue organizado por la a diputada Anah\u00ed Bilbao, quien estuvo acompa\u00f1ada del diputado Maximiliano Abad.<\/p>\n<p>Este programa tiene como objetivo visibilizar a emprendedoras que se iniciaron en el camino de la producci\u00f3n y la venta de sus productos. En esta ocasi\u00f3n fueron reconocidas diez mujeres de distintas regiones de la Provincia.<\/p>\n<p>La diputada Anah\u00ed Bilbao dijo que: \u201cLas mujeres de la provincia de Buenos Aires tienen una caracter\u00edsticas que son \u00fanicas, han logrado armar estructuras y crecer, y el ser emprendedoras es parte de un gran desaf\u00edo, porque decidieron romper las estructuras y superar el techo\u201d.<\/p>\n<p>Con respecto al alcance de los objetivos, la legisladora bonaerense agreg\u00f3 que\u00a0 \u201cnada fue f\u00e1cil, porque han tenido que derribar muchas barreras, el emprender fue una salida y una oportunidad que es hoy; porque es mentira que el tren pasa una sola vez, conocemos del esfuerzo y el ir a la estaci\u00f3n y saber esperar\u201d.<\/p>\n<p>Por \u00faltimo destac\u00f3: \u201cPor eso los diputados y las diputadas queremos reconocerlas, felicitarlas\u00a0 y premiarlas, y decirles que las oportunidades no pasan, se crean\u201d.<\/p>\n<p>Por su parte el presidente del Bloque UCR bonaerenseMaximiliano Abad destac\u00f3 que \u201ctodas las mujeres que luchan d\u00eda a d\u00eda para lograr la igualdad, y adem\u00e1s construyen una nueva conciencia en la cultura del trabajo\u201d. Y concluy\u00f3: \u201cEmprender es proyectar, desafiar, es crear, es so\u00f1ar con un futuro, un horizonte, es no resignarse, por eso es tan importante para todos los que so\u00f1amos una provincia mejor y con m\u00e1s valores\u201d.<\/p>\n<p>Entre los legisladores y las legisladoras que se acercaron para la entrega del reconocimiento estuvieron: Melisa Greco, Alejandra Lord\u00e9n, Claudio Frangul, Maricel Etchecoin Moro, Emiliano Balb\u00edn, Natalia Dziakowski, Noelia Ruiz, Valent\u00edn Miranda y Viviana Dirolli. Adem\u00e1s estuvo Silvina Samparis, quien es concejal del partido de Mor\u00f3n.<\/p>\n<p>Recibieron los reconocimientos: Barby Blarasin de Mor\u00f3n por su emprendimiento de dise\u00f1o textil \u201cPOL\u00c9MICA\u201d; Romina Mosca por cosm\u00e9tica natural \u201cTILA\u201d; Lara Coresky\u00a0\u00a0de Salto, por pintura en prendas para vestir \u201cBYCORESKY\u201d; Laura Vega y Maia Carreira por t\u00e9cnica de la sublimaci\u00f3n \u201cNIMAICO_A\u201d.<\/p>\n<p>Tambi\u00e9n fueron distinguidas Josefina Diez de Mar del Plata, por objetos para el hogar \u201cMARSINPLAST\u201d; Gabriela Luna y Graciela Chismak por la textil\u00a0\u00a0ZIGZAG; Mirta \u00c1lvarez, por marroquiner\u00eda \u201cPEUMAGUEN\u201d;\u00a0\u00a0Mar\u00eda Jos\u00e9 Roa por \u201cDECOHOGAR\u201d; Daiana Mart\u00ednez de Vedia, por decoraci\u00f3n \u201cHECHO PARA SOLTAR\u201d; y\u00a0\u00a0Alejandra Bergues por\u00a0\u00a0\u201cFUEGO JOYAS\u201d<strong>(VW).\u00a0<\/strong><\/p>\n<p>&nbsp;<\/p>\n","protected":false},"excerpt":{"rendered":"<p>La actividad se realiz\u00f3 en el Sal\u00f3n de Los Pasos Perdidos de la C\u00e1mara de Diputados y fue organizada por la diputada Anah\u00ed Bilbao, quien estuvo acompa\u00f1ada del diputado Maximiliano Abad.<\/p>\n","protected":false},"author":3,"featured_media":10050,"comment_status":"closed","ping_status":"closed","sticky":false,"template":"","format":"standard","meta":{"_monsterinsights_skip_tracking":false,"_monsterinsights_sitenote_active":false,"_monsterinsights_sitenote_note":"","_monsterinsights_sitenote_category":0,"footnotes":""},"categories":[4],"tags":[],"class_list":["post-10049","post","type-post","status-publish","format-standard","has-post-thumbnail","hentry","category-politica"],"_links":{"self":[{"href":"https:\/\/www.visionweb.com.ar\/index.php?rest_route=\/wp\/v2\/posts\/10049","targetHints":{"allow":["GET"]}}],"collection":[{"href":"https:\/\/www.visionweb.com.ar\/index.php?rest_route=\/wp\/v2\/posts"}],"about":[{"href":"https:\/\/www.visionweb.com.ar\/index.php?rest_route=\/wp\/v2\/types\/post"}],"author":[{"embeddable":true,"href":"https:\/\/www.visionweb.com.ar\/index.php?rest_route=\/wp\/v2\/users\/3"}],"replies":[{"embeddable":true,"href":"https:\/\/www.visionweb.com.ar\/index.php?rest_route=%2Fwp%2Fv2%2Fcomments&post=10049"}],"version-history":[{"count":1,"href":"https:\/\/www.visionweb.com.ar\/index.php?rest_route=\/wp\/v2\/posts\/10049\/revisions"}],"predecessor-version":[{"id":10051,"href":"https:\/\/www.visionweb.com.ar\/index.php?rest_route=\/wp\/v2\/posts\/10049\/revisions\/10051"}],"wp:featuredmedia":[{"embeddable":true,"href":"https:\/\/www.visionweb.com.ar\/index.php?rest_route=\/wp\/v2\/media\/10050"}],"wp:attachment":[{"href":"https:\/\/www.visionweb.com.ar\/index.php?rest_route=%2Fwp%2Fv2%2Fmedia&parent=10049"}],"wp:term":[{"taxonomy":"category","embeddable":true,"href":"https:\/\/www.visionweb.com.ar\/index.php?rest_route=%2Fwp%2Fv2%2Fcategories&post=10049"},{"taxonomy":"post_tag","embeddable":true,"href":"https:\/\/www.visionweb.com.ar\/index.php?rest_route=%2Fwp%2Fv2%2Ftags&post=10049"}],"curies":[{"name":"wp","href":"https:\/\/api.w.org\/{rel}","templated":true}]}}