{"id":10043,"date":"2023-03-20T15:16:47","date_gmt":"2023-03-20T18:16:47","guid":{"rendered":"https:\/\/www.visionweb.com.ar\/?p=10043"},"modified":"2023-03-20T15:16:47","modified_gmt":"2023-03-20T18:16:47","slug":"lanus-suma-una-nueva-zona-de-recoleccion-diferenciada-a-partir-de-este-sabado","status":"publish","type":"post","link":"https:\/\/www.visionweb.com.ar\/?p=10043","title":{"rendered":"Lan\u00fas suma una nueva zona de recolecci\u00f3n diferenciada, a partir de este s\u00e1bado."},"content":{"rendered":"<p><strong><em>Ser\u00e1 en algunas calles de la zona Este de la Ciudad. Los residuos reciclables deben estar limpios y secos. Esta zona se suma a la ya designada en Remedios una parte de Remedios de Escalada.<\/em><\/strong><!--more--><\/p>\n<p><strong>\u00a0 \u00a0 \u00a0 \u00a0 \u00a0 <img loading=\"lazy\" decoding=\"async\" class=\"size-medium wp-image-10044 alignleft\" src=\"https:\/\/www.visionweb.com.ar\/wp-content\/uploads\/2023\/03\/DIFERENCIAL-300x300.png\" alt=\"\" width=\"300\" height=\"300\" srcset=\"https:\/\/www.visionweb.com.ar\/wp-content\/uploads\/2023\/03\/DIFERENCIAL-300x300.png 300w, https:\/\/www.visionweb.com.ar\/wp-content\/uploads\/2023\/03\/DIFERENCIAL-150x150.png 150w, https:\/\/www.visionweb.com.ar\/wp-content\/uploads\/2023\/03\/DIFERENCIAL-80x80.png 80w, https:\/\/www.visionweb.com.ar\/wp-content\/uploads\/2023\/03\/DIFERENCIAL-320x320.png 320w, https:\/\/www.visionweb.com.ar\/wp-content\/uploads\/2023\/03\/DIFERENCIAL-65x65.png 65w, https:\/\/www.visionweb.com.ar\/wp-content\/uploads\/2023\/03\/DIFERENCIAL.png 450w\" sizes=\"auto, (max-width: 300px) 100vw, 300px\" \/> E<\/strong>l Municipio de Lan\u00fas anunci\u00f3 que a partir de este s\u00e1bado 25 de marzo, se sumar\u00e1 una nueva zona de recolecci\u00f3n diferenciada de residuos, a las que ya hab\u00eda.<\/p>\n<p>De esta forma, los vecinos ya no tendr\u00e1n que buscar un punto para dejar los elementos reciclables sino que podr\u00e1n dejarlos en la puerta de la casa.<\/p>\n<p>La zona que se suma es la de Lan\u00fas Este, todos los s\u00e1bados antes de las 10, de los frentes de viviendas ubicados sobre Pringles, General Ferre, Guido, Eva Per\u00f3n, General Madariaga, Illia, Tucum\u00e1n, Sitio de Montevideo, Salta, C\u00f3rdoba, G. Gaebeler, H. Guidi, Margarita Weild y Las Piedras.<\/p>\n<p>Esta zona se suma a la de Remedios de Escalada: Hornos, Uriarte, Ingenieros, Barrag\u00e1n, Hip\u00f3lito Yrigoyen, O\u00b4Brien, Machaint, Zuloaga, Rocha, Rosales y Marrasp\u00edn.<\/p>\n<p><img loading=\"lazy\" decoding=\"async\" class=\"size-medium wp-image-10045 alignright\" src=\"https:\/\/www.visionweb.com.ar\/wp-content\/uploads\/2023\/03\/BASURA-DIFERENCIADA-283x300.png\" alt=\"\" width=\"283\" height=\"300\" srcset=\"https:\/\/www.visionweb.com.ar\/wp-content\/uploads\/2023\/03\/BASURA-DIFERENCIADA-283x300.png 283w, https:\/\/www.visionweb.com.ar\/wp-content\/uploads\/2023\/03\/BASURA-DIFERENCIADA.png 480w\" sizes=\"auto, (max-width: 283px) 100vw, 283px\" \/>Las autoridades aclararon que estos residuos reciclables deben estar limpios y secos, pero tambi\u00e9n deben poner dentro de una bolsa que no sea negra, para diferenciarlos de los residuos normales.<\/p>\n<p>\u00bfQU\u00c9 SE RECICLA?<br \/>\nCart\u00f3n<br \/>\nPapel<br \/>\nVidrio<br \/>\nMetal<br \/>\nPl\u00e1stico<\/p>\n<p>De esta forma, se facilita el reciclaje de residuos para los vecinos de Remedios de Escalada, que no deben acudir a un punto de recolecci\u00f3n m\u00f3vil<strong>(VW)<\/strong>.<\/p>\n<p>&nbsp;<\/p>\n","protected":false},"excerpt":{"rendered":"<p>Ser\u00e1 en algunas calles de la zona Este de la Ciudad. Los residuos reciclables deben estar limpios y secos. Esta zona se suma a la ya designada en Remedios una parte de Remedios de&#46;&#46;&#46;<\/p>\n","protected":false},"author":3,"featured_media":10044,"comment_status":"closed","ping_status":"closed","sticky":false,"template":"","format":"standard","meta":{"_monsterinsights_skip_tracking":false,"_monsterinsights_sitenote_active":false,"_monsterinsights_sitenote_note":"","_monsterinsights_sitenote_category":0,"footnotes":""},"categories":[8],"tags":[4167,4168,4169],"class_list":["post-10043","post","type-post","status-publish","format-standard","has-post-thumbnail","hentry","category-interes-general","tag-basura","tag-deferencial","tag-lanus-este"],"_links":{"self":[{"href":"https:\/\/www.visionweb.com.ar\/index.php?rest_route=\/wp\/v2\/posts\/10043","targetHints":{"allow":["GET"]}}],"collection":[{"href":"https:\/\/www.visionweb.com.ar\/index.php?rest_route=\/wp\/v2\/posts"}],"about":[{"href":"https:\/\/www.visionweb.com.ar\/index.php?rest_route=\/wp\/v2\/types\/post"}],"author":[{"embeddable":true,"href":"https:\/\/www.visionweb.com.ar\/index.php?rest_route=\/wp\/v2\/users\/3"}],"replies":[{"embeddable":true,"href":"https:\/\/www.visionweb.com.ar\/index.php?rest_route=%2Fwp%2Fv2%2Fcomments&post=10043"}],"version-history":[{"count":1,"href":"https:\/\/www.visionweb.com.ar\/index.php?rest_route=\/wp\/v2\/posts\/10043\/revisions"}],"predecessor-version":[{"id":10046,"href":"https:\/\/www.visionweb.com.ar\/index.php?rest_route=\/wp\/v2\/posts\/10043\/revisions\/10046"}],"wp:featuredmedia":[{"embeddable":true,"href":"https:\/\/www.visionweb.com.ar\/index.php?rest_route=\/wp\/v2\/media\/10044"}],"wp:attachment":[{"href":"https:\/\/www.visionweb.com.ar\/index.php?rest_route=%2Fwp%2Fv2%2Fmedia&parent=10043"}],"wp:term":[{"taxonomy":"category","embeddable":true,"href":"https:\/\/www.visionweb.com.ar\/index.php?rest_route=%2Fwp%2Fv2%2Fcategories&post=10043"},{"taxonomy":"post_tag","embeddable":true,"href":"https:\/\/www.visionweb.com.ar\/index.php?rest_route=%2Fwp%2Fv2%2Ftags&post=10043"}],"curies":[{"name":"wp","href":"https:\/\/api.w.org\/{rel}","templated":true}]}}