{"id":10042,"date":"2023-03-20T15:36:13","date_gmt":"2023-03-20T18:36:13","guid":{"rendered":"https:\/\/www.visionweb.com.ar\/?p=10042"},"modified":"2023-03-20T15:36:13","modified_gmt":"2023-03-20T18:36:13","slug":"rodriguez-larreta-en-lomas-con-los-vecinos-afectados-por-los-cortes-de-energia","status":"publish","type":"post","link":"https:\/\/www.visionweb.com.ar\/?p=10042","title":{"rendered":"Rodr\u00edguez Larreta en Lomas con los vecinos afectados por los cortes de energ\u00eda"},"content":{"rendered":"<p><strong><em>El pre candidato a Presidente hizo una recorrida por los barrios del distrito de la Tercera secci\u00f3n electoral del conurbano sur y se reuni\u00f3 con vecinos afectado por los cortes de luz y agua.<\/em><\/strong><!--more--><\/p>\n<div id=\"attachment_10047\" style=\"width: 310px\" class=\"wp-caption alignright\"><img loading=\"lazy\" decoding=\"async\" aria-describedby=\"caption-attachment-10047\" class=\"wp-image-10047 size-medium\" src=\"https:\/\/www.visionweb.com.ar\/wp-content\/uploads\/2023\/03\/BANFIELD-RODRIGUEZ-LARRETA-300x169.png\" alt=\"\" width=\"300\" height=\"169\" srcset=\"https:\/\/www.visionweb.com.ar\/wp-content\/uploads\/2023\/03\/BANFIELD-RODRIGUEZ-LARRETA-300x169.png 300w, https:\/\/www.visionweb.com.ar\/wp-content\/uploads\/2023\/03\/BANFIELD-RODRIGUEZ-LARRETA.png 640w\" sizes=\"auto, (max-width: 300px) 100vw, 300px\" \/><p id=\"caption-attachment-10047\" class=\"wp-caption-text\"><em><strong>El Jefe de Gobierno Porte\u00f1o, va por la pre candidatura a la presidencia en las PASO (Foto: PRO)<\/strong><\/em><\/p><\/div>\n<p><strong>E<\/strong>l jefe de Gobierno de la Ciudad de Buenos Aires y precandidato a Presidente por Juntos por el Cambio ,\u00a0<strong>Horacio Rodr\u00edguez Larreta, <\/strong>recorri\u00f3, las calles de Banfield, partido de Lomas de Zamora el viernes \u00faltimo, donde mantuvo reuniones con vecinos y referentes que apoyan su candidatura.<\/p>\n<p>Acompa\u00f1ado por el funcionario del gobierno porte\u00f1o, Mauro Wolff y el referente local de Unidos por Lomas en Juntos, Guillermo Vi\u00f1uales, Larreta recorri\u00f3 Lomas Oeste donde escuch\u00f3 a vecinos que le expresaron\u00a0<strong>algunas de sus preocupaciones que giran alrededor de la inseguridad, la educaci\u00f3n y la falta de suministro el\u00e9ctrico<\/strong>.<\/p>\n<p>Respecto de a los cortes de energ\u00eda que desde hace d\u00edas afectan el \u00e1rea metropolitana<strong>,<\/strong> el mandatario afirm\u00f3: <strong>\u201cNo puede ser que el gobierno nacional no haya previsto esto\u201d<\/strong>.<\/p>\n<p>En ese sentido, agreg\u00f3: \u201cEl pa\u00eds que\u00a0<strong>tiene la cuenca de hidrocarburos m\u00e1s grande del mundo como Vaca Muerta<\/strong>, no puede ser que no tenga luz\u201d.<\/p>\n<p>En tanto, Vi\u00f1uales subray\u00f3 que los vecinos que se acercaron a hablar con Rodriguez Larreta \u201cvinieron para plantearle que\u00a0<strong>sus hijos no tienen clases porque no tienen agua, porque no tienen luz o porque no tienen gas<\/strong>\u201d, subray\u00f3.<\/p>\n<p>Adem\u00e1s, Vi\u00f1uales cr\u00edtic\u00f3 la poca presencia de Mart\u00edn Insaurralde, intendente del partido de Lomas de Zamora en uso de licencia para ocupar la jefatura de Gabinete bonaerense, y sostuvo que \u201clos\u00a0<strong>vecinos necesitan primero que el intendente viva en Lomas<\/strong>, que viva los mismos problemas que ellos todos los d\u00edas, y en segundo lugar que el municipio defina prioridades. La educaci\u00f3n tiene que ser una prioridad, como lo es en la Ciudad de Buenos Aires\u201d.<\/p>\n<p>Por su parte, Wolff destac\u00f3 que \u201cuna buena medida para aplicar al conurbano es\u00a0<strong>equipar a la polic\u00eda<\/strong>\u201d y explic\u00f3: \u201cCaminamos con Guillermo y con Horacio por el centro de Lomas y nos dec\u00edan que no ten\u00edan handies\u201d sostuvo<strong>(VW)<\/strong>.<\/p>\n<p>&nbsp;<\/p>\n","protected":false},"excerpt":{"rendered":"<p>El pre candidato a Presidente hizo una recorrida por los barrios del distrito de la Tercera secci\u00f3n electoral del conurbano sur y se reuni\u00f3 con vecinos afectado por los cortes de luz y agua.<\/p>\n","protected":false},"author":3,"featured_media":10047,"comment_status":"closed","ping_status":"closed","sticky":false,"template":"","format":"standard","meta":{"_monsterinsights_skip_tracking":false,"_monsterinsights_sitenote_active":false,"_monsterinsights_sitenote_note":"","_monsterinsights_sitenote_category":0,"footnotes":""},"categories":[4],"tags":[681,4170,4171,1073],"class_list":["post-10042","post","type-post","status-publish","format-standard","has-post-thumbnail","hentry","category-politica","tag-banfield","tag-pre-candidato","tag-presidencia","tag-rodriguez-larreta"],"_links":{"self":[{"href":"https:\/\/www.visionweb.com.ar\/index.php?rest_route=\/wp\/v2\/posts\/10042","targetHints":{"allow":["GET"]}}],"collection":[{"href":"https:\/\/www.visionweb.com.ar\/index.php?rest_route=\/wp\/v2\/posts"}],"about":[{"href":"https:\/\/www.visionweb.com.ar\/index.php?rest_route=\/wp\/v2\/types\/post"}],"author":[{"embeddable":true,"href":"https:\/\/www.visionweb.com.ar\/index.php?rest_route=\/wp\/v2\/users\/3"}],"replies":[{"embeddable":true,"href":"https:\/\/www.visionweb.com.ar\/index.php?rest_route=%2Fwp%2Fv2%2Fcomments&post=10042"}],"version-history":[{"count":1,"href":"https:\/\/www.visionweb.com.ar\/index.php?rest_route=\/wp\/v2\/posts\/10042\/revisions"}],"predecessor-version":[{"id":10048,"href":"https:\/\/www.visionweb.com.ar\/index.php?rest_route=\/wp\/v2\/posts\/10042\/revisions\/10048"}],"wp:featuredmedia":[{"embeddable":true,"href":"https:\/\/www.visionweb.com.ar\/index.php?rest_route=\/wp\/v2\/media\/10047"}],"wp:attachment":[{"href":"https:\/\/www.visionweb.com.ar\/index.php?rest_route=%2Fwp%2Fv2%2Fmedia&parent=10042"}],"wp:term":[{"taxonomy":"category","embeddable":true,"href":"https:\/\/www.visionweb.com.ar\/index.php?rest_route=%2Fwp%2Fv2%2Fcategories&post=10042"},{"taxonomy":"post_tag","embeddable":true,"href":"https:\/\/www.visionweb.com.ar\/index.php?rest_route=%2Fwp%2Fv2%2Ftags&post=10042"}],"curies":[{"name":"wp","href":"https:\/\/api.w.org\/{rel}","templated":true}]}}