{"id":10035,"date":"2023-03-18T09:08:23","date_gmt":"2023-03-18T12:08:23","guid":{"rendered":"https:\/\/www.visionweb.com.ar\/?p=10035"},"modified":"2023-03-18T09:11:29","modified_gmt":"2023-03-18T12:11:29","slug":"manes-en-lanus-con-bursese","status":"publish","type":"post","link":"https:\/\/www.visionweb.com.ar\/?p=10035","title":{"rendered":"Manes en Lan\u00fas con Bursese"},"content":{"rendered":"<p><strong><em>Fuerte respaldo del Diputado Nacional Facundo Manes al concejal Emiliano Bursese en Lan\u00fas. El Neurocient\u00edfic, antes de visitar la \u00abVieja Casona\u00bb, se reuni\u00f3 con\u00a0 las Madres del Dolor contra el Paco de Villa Jardin.<\/em><\/strong><!--more--><\/p>\n<div id=\"attachment_10036\" style=\"width: 310px\" class=\"wp-caption alignright\"><img loading=\"lazy\" decoding=\"async\" aria-describedby=\"caption-attachment-10036\" class=\"wp-image-10036 size-medium\" src=\"https:\/\/www.visionweb.com.ar\/wp-content\/uploads\/2023\/03\/MANES-EN-LA-CASONA-300x254.jpeg\" alt=\"\" width=\"300\" height=\"254\" srcset=\"https:\/\/www.visionweb.com.ar\/wp-content\/uploads\/2023\/03\/MANES-EN-LA-CASONA-300x254.jpeg 300w, https:\/\/www.visionweb.com.ar\/wp-content\/uploads\/2023\/03\/MANES-EN-LA-CASONA.jpeg 567w\" sizes=\"auto, (max-width: 300px) 100vw, 300px\" \/><p id=\"caption-attachment-10036\" class=\"wp-caption-text\"><strong><em>El diputado nacional Facundo Manes, habla en la \u00abVieja Casona\u00bb, el centro cultural que dirige el concejal Bursese (Foto: Gentileza)<\/em><\/strong><\/p><\/div>\n<p><strong>\u00a0 \u00a0 \u00a0 \u00a0 E<\/strong>l diputado nacional Facundo manes (UCR), recorri\u00f3, este viernes, el distrito de Lan\u00fas, junto al concejal Emiliano Bursese,\u00a0 autoridades partidarias locales y dirigentes de todos los circuitos locales.<\/p>\n<p>En la visita prevista al distrito, Manes mantuvo una reuni\u00f3n\u00a0 con las Madres del Dolor contra el Paco de Villa Jardin, en Villa Diamante, una organizaci\u00f3n que lleva adelante un importante trabajo social, jur\u00eddico y de salud para los chicos que sufren o sufrieron graves adicciones y, para contener a sus familiares.<\/p>\n<p>Luego del encuentro con las Madres, el Neurocient\u00edfico se traslad\u00f3 a la Vieja Casona, el nuevo espacio cultural y educativo ubicado en Yrigoyen 4300.<\/p>\n<div id=\"attachment_10037\" style=\"width: 310px\" class=\"wp-caption alignleft\"><img loading=\"lazy\" decoding=\"async\" aria-describedby=\"caption-attachment-10037\" class=\"wp-image-10037 size-medium\" src=\"https:\/\/www.visionweb.com.ar\/wp-content\/uploads\/2023\/03\/BURSESE-Y-MANES-300x220.jpeg\" alt=\"\" width=\"300\" height=\"220\" srcset=\"https:\/\/www.visionweb.com.ar\/wp-content\/uploads\/2023\/03\/BURSESE-Y-MANES-300x220.jpeg 300w, https:\/\/www.visionweb.com.ar\/wp-content\/uploads\/2023\/03\/BURSESE-Y-MANES.jpeg 640w\" sizes=\"auto, (max-width: 300px) 100vw, 300px\" \/><p id=\"caption-attachment-10037\" class=\"wp-caption-text\"><em><strong>El diputado nacional Facundo Manes, junto al concejal Emiliano Bursese en la Vieja Casona (Foto: Gentileza Concejal Buersese) <\/strong><\/em><\/p><\/div>\n<p>All\u00ed, Manes habl\u00f3 ante m\u00e1s de 100 dirigentes, concejales, consejeros escolares y referentes barriales de todos los puntos del distrito, y resalt\u00f3: \u201cel trabajo y el compromiso de Emiliano Bursese y el radicalismo, as\u00ed como de otras expresiones pol\u00edticas, por tener un Lan\u00fas m\u00e1s pujante, inclusivo y desarrollado, lo conozco desde antes de entrar en la pol\u00edtica, y se de su v\u00ednculo y compromiso con este Municipio\u201d.<\/p>\n<p>En el encuentro,\u00a0 estuvieron presentes, entre otros referentes la diputada provincial Nazarena Mesias, el actual presidente del radicalismo de Lan\u00fas, Leandro Bechara y el presidente electo Mario Ledesma.<\/p>\n<p>Tambi\u00e9n se sumaron las concejales Valeria Larraz y Lucia Stanco, la consejera escolar Rocio Gonzalez, el presidente del partido GEN de Margarita Stolbizer, Daniel Lopez, adem\u00e1s de\u00a0 dirigentes y autoridades partidarias del radicalismo,\u00a0 de otros espacios pol\u00edticos, y militantes<strong>(VW)<\/strong>.<\/p>\n","protected":false},"excerpt":{"rendered":"<p>Fuerte respaldo del Diputado Nacional Facundo Manes al concejal Emiliano Bursese en Lan\u00fas. El Neurocient\u00edfic, antes de visitar la \u00abVieja Casona\u00bb, se reuni\u00f3 con\u00a0 las Madres del Dolor contra el Paco de Villa Jardin.<\/p>\n","protected":false},"author":3,"featured_media":10036,"comment_status":"closed","ping_status":"closed","sticky":false,"template":"","format":"standard","meta":{"_monsterinsights_skip_tracking":false,"_monsterinsights_sitenote_active":false,"_monsterinsights_sitenote_note":"","_monsterinsights_sitenote_category":0,"footnotes":""},"categories":[4],"tags":[],"class_list":["post-10035","post","type-post","status-publish","format-standard","has-post-thumbnail","hentry","category-politica"],"_links":{"self":[{"href":"https:\/\/www.visionweb.com.ar\/index.php?rest_route=\/wp\/v2\/posts\/10035","targetHints":{"allow":["GET"]}}],"collection":[{"href":"https:\/\/www.visionweb.com.ar\/index.php?rest_route=\/wp\/v2\/posts"}],"about":[{"href":"https:\/\/www.visionweb.com.ar\/index.php?rest_route=\/wp\/v2\/types\/post"}],"author":[{"embeddable":true,"href":"https:\/\/www.visionweb.com.ar\/index.php?rest_route=\/wp\/v2\/users\/3"}],"replies":[{"embeddable":true,"href":"https:\/\/www.visionweb.com.ar\/index.php?rest_route=%2Fwp%2Fv2%2Fcomments&post=10035"}],"version-history":[{"count":3,"href":"https:\/\/www.visionweb.com.ar\/index.php?rest_route=\/wp\/v2\/posts\/10035\/revisions"}],"predecessor-version":[{"id":10040,"href":"https:\/\/www.visionweb.com.ar\/index.php?rest_route=\/wp\/v2\/posts\/10035\/revisions\/10040"}],"wp:featuredmedia":[{"embeddable":true,"href":"https:\/\/www.visionweb.com.ar\/index.php?rest_route=\/wp\/v2\/media\/10036"}],"wp:attachment":[{"href":"https:\/\/www.visionweb.com.ar\/index.php?rest_route=%2Fwp%2Fv2%2Fmedia&parent=10035"}],"wp:term":[{"taxonomy":"category","embeddable":true,"href":"https:\/\/www.visionweb.com.ar\/index.php?rest_route=%2Fwp%2Fv2%2Fcategories&post=10035"},{"taxonomy":"post_tag","embeddable":true,"href":"https:\/\/www.visionweb.com.ar\/index.php?rest_route=%2Fwp%2Fv2%2Ftags&post=10035"}],"curies":[{"name":"wp","href":"https:\/\/api.w.org\/{rel}","templated":true}]}}