{"id":10031,"date":"2023-03-17T11:20:19","date_gmt":"2023-03-17T14:20:19","guid":{"rendered":"https:\/\/www.visionweb.com.ar\/?p=10031"},"modified":"2023-03-17T11:20:19","modified_gmt":"2023-03-17T14:20:19","slug":"indec-una-familia-tipo-necesito-en-febrero-177-063-para-no-ser-pobre","status":"publish","type":"post","link":"https:\/\/www.visionweb.com.ar\/?p=10031","title":{"rendered":"Indec: Una familia tipo necesit\u00f3 en febrero $177.063 para no ser pobre"},"content":{"rendered":"<p><em><strong>La canasta b\u00e1sica total de febrero fue de 8,3%.<\/strong> <strong>Para cubrir sus necesidades b\u00e1sicas una familia necesit\u00f3<\/strong><strong>\u00a0<\/strong><strong>$80.483. Los n\u00fameros se ubicaron por encima del \u00edndice de inflaci\u00f3n.<\/strong><\/em><!--more--><\/p>\n<p><strong><img loading=\"lazy\" decoding=\"async\" class=\"size-medium wp-image-10033 alignright\" src=\"https:\/\/www.visionweb.com.ar\/wp-content\/uploads\/2023\/03\/Indec-canas-ta-par-ano-ser-pobre-feb.23-300x296.jpg\" alt=\"\" width=\"300\" height=\"296\" srcset=\"https:\/\/www.visionweb.com.ar\/wp-content\/uploads\/2023\/03\/Indec-canas-ta-par-ano-ser-pobre-feb.23-300x296.jpg 300w, https:\/\/www.visionweb.com.ar\/wp-content\/uploads\/2023\/03\/Indec-canas-ta-par-ano-ser-pobre-feb.23-80x80.jpg 80w, https:\/\/www.visionweb.com.ar\/wp-content\/uploads\/2023\/03\/Indec-canas-ta-par-ano-ser-pobre-feb.23-65x65.jpg 65w, https:\/\/www.visionweb.com.ar\/wp-content\/uploads\/2023\/03\/Indec-canas-ta-par-ano-ser-pobre-feb.23.bmp 313w\" sizes=\"auto, (max-width: 300px) 100vw, 300px\" \/>E<\/strong>l Instituto Nacional de Estad\u00edsticas y Censos (<strong>INDEC<\/strong>) inform\u00f3 que<strong> la canasta b\u00e1sica total (CBT), que establece el umbral de la pobreza, aument\u00f3 8,3% en febrero<\/strong>, por lo que una familia tipo, de cuatro integrantes (dos adultos y dos chicos)\u00a0<strong>necesit\u00f3 $177.063 para no ser considerada pobre.<\/strong><\/p>\n<p>En tanto,\u00a0<strong>la canasta b\u00e1sica alimentaria (CBA), que define la l\u00ednea de la indigencia<\/strong>, marc\u00f3 un incremento del <strong>11,7%<\/strong>, por lo que ese hogar requiri\u00f3 de\u00a0<strong>$80.483 para cubrir sus necesidades b\u00e1sicas<\/strong><strong>\u00a0<\/strong>para subsistir.<\/p>\n<p>Seg\u00fan el \u00faltimo informe del organismo estad\u00edstico, durante febrero de 2023, la variaci\u00f3n de las canastas -tanto en su medici\u00f3n mensual como interanual-,\u00a0<strong>se ubicaron por encima del \u00edndice de inflaci\u00f3n, que subi\u00f3 6,6% y 102,5% respectivamente.<\/strong><\/p>\n<p>En concreto,\u00a0<strong>la l\u00ednea que mide la indigencia subi\u00f3 11,7% en febrero y tuvo una aceleraci\u00f3n de 115,1% interanual<\/strong>, mientras que la evoluci\u00f3n de la canasta que fija el umbral de la indigencia fue de 8,3% en el segundo mes del a\u00f1o y acumul\u00f3 una suba de 111,3% interanual. <strong>(VW)<\/strong><\/p>\n","protected":false},"excerpt":{"rendered":"<p>La canasta b\u00e1sica total de febrero fue de 8,3%. Para cubrir sus necesidades b\u00e1sicas una familia necesit\u00f3\u00a0$80.483. Los n\u00fameros se ubicaron por encima del \u00edndice de inflaci\u00f3n.<\/p>\n","protected":false},"author":4,"featured_media":10033,"comment_status":"closed","ping_status":"closed","sticky":false,"template":"","format":"standard","meta":{"_monsterinsights_skip_tracking":false,"_monsterinsights_sitenote_active":false,"_monsterinsights_sitenote_note":"","_monsterinsights_sitenote_category":0,"footnotes":""},"categories":[6,5],"tags":[3810,4166,75],"class_list":["post-10031","post","type-post","status-publish","format-standard","has-post-thumbnail","hentry","category-economia","category-sociedad","tag-caer-en-la-pobreza","tag-canasta-basica-total","tag-indec"],"_links":{"self":[{"href":"https:\/\/www.visionweb.com.ar\/index.php?rest_route=\/wp\/v2\/posts\/10031","targetHints":{"allow":["GET"]}}],"collection":[{"href":"https:\/\/www.visionweb.com.ar\/index.php?rest_route=\/wp\/v2\/posts"}],"about":[{"href":"https:\/\/www.visionweb.com.ar\/index.php?rest_route=\/wp\/v2\/types\/post"}],"author":[{"embeddable":true,"href":"https:\/\/www.visionweb.com.ar\/index.php?rest_route=\/wp\/v2\/users\/4"}],"replies":[{"embeddable":true,"href":"https:\/\/www.visionweb.com.ar\/index.php?rest_route=%2Fwp%2Fv2%2Fcomments&post=10031"}],"version-history":[{"count":2,"href":"https:\/\/www.visionweb.com.ar\/index.php?rest_route=\/wp\/v2\/posts\/10031\/revisions"}],"predecessor-version":[{"id":10034,"href":"https:\/\/www.visionweb.com.ar\/index.php?rest_route=\/wp\/v2\/posts\/10031\/revisions\/10034"}],"wp:featuredmedia":[{"embeddable":true,"href":"https:\/\/www.visionweb.com.ar\/index.php?rest_route=\/wp\/v2\/media\/10033"}],"wp:attachment":[{"href":"https:\/\/www.visionweb.com.ar\/index.php?rest_route=%2Fwp%2Fv2%2Fmedia&parent=10031"}],"wp:term":[{"taxonomy":"category","embeddable":true,"href":"https:\/\/www.visionweb.com.ar\/index.php?rest_route=%2Fwp%2Fv2%2Fcategories&post=10031"},{"taxonomy":"post_tag","embeddable":true,"href":"https:\/\/www.visionweb.com.ar\/index.php?rest_route=%2Fwp%2Fv2%2Ftags&post=10031"}],"curies":[{"name":"wp","href":"https:\/\/api.w.org\/{rel}","templated":true}]}}