{"id":10026,"date":"2023-03-17T10:53:19","date_gmt":"2023-03-17T13:53:19","guid":{"rendered":"https:\/\/www.visionweb.com.ar\/?p=10026"},"modified":"2023-03-17T10:53:19","modified_gmt":"2023-03-17T13:53:19","slug":"para-hoy-el-banco-supervielle-y-tampoco-habra-atencion-virtual","status":"publish","type":"post","link":"https:\/\/www.visionweb.com.ar\/?p=10026","title":{"rendered":"Para hoy el Banco Supervielle, y tampoco habr\u00e1 atenci\u00f3n virtual"},"content":{"rendered":"<p><em><strong>El paro bancario de hoy afectar\u00e1 a todas las sucursales de esa firma y se anular\u00e1 la atenci\u00f3n virtual. Reclaman la falta de liquidaci\u00f3n de un bono anual, entre otras\u00a0 demandas generales.<\/strong><\/em><strong>\u00a0<\/strong><!--more--><\/p>\n<p><strong><img loading=\"lazy\" decoding=\"async\" class=\"size-medium wp-image-10028 alignright\" src=\"https:\/\/www.visionweb.com.ar\/wp-content\/uploads\/2023\/03\/banco-supervil-comunicado-300x300.jpg\" alt=\"\" width=\"300\" height=\"300\" srcset=\"https:\/\/www.visionweb.com.ar\/wp-content\/uploads\/2023\/03\/banco-supervil-comunicado-300x300.jpg 300w, https:\/\/www.visionweb.com.ar\/wp-content\/uploads\/2023\/03\/banco-supervil-comunicado-150x150.jpg 150w, https:\/\/www.visionweb.com.ar\/wp-content\/uploads\/2023\/03\/banco-supervil-comunicado-80x80.jpg 80w, https:\/\/www.visionweb.com.ar\/wp-content\/uploads\/2023\/03\/banco-supervil-comunicado-320x320.jpg 320w, https:\/\/www.visionweb.com.ar\/wp-content\/uploads\/2023\/03\/banco-supervil-comunicado-65x65.jpg 65w, https:\/\/www.visionweb.com.ar\/wp-content\/uploads\/2023\/03\/banco-supervil-comunicado.bmp 350w\" sizes=\"auto, (max-width: 300px) 100vw, 300px\" \/>\u00a0\u00a0 L<\/strong>os empleados del<strong> Banco Supervielle realizar\u00e1n hoy un paro nacional<\/strong><strong>\u00a0de 24 horas <\/strong>en reclamo de demandas salariales, como el pago de un bono anual y un premio a la trayectoria, tambi\u00e9n en pedido de m\u00e1s personal, informaron sindicalistas del sector.<\/p>\n<p>La medida de fuerza cuenta con el <strong>aval del Secretariado Nacional de la Asociaci\u00f3n Bancaria<\/strong> (AB), inform\u00f3 el sindicato que conduce el diputado nacional Sergio Palazzo (Frente de Todos).<\/p>\n<p><strong>\u201cEl paro suspender\u00e1 totalmente las actividades durante el d\u00eda viernes, afectando todas las sucursales del pa\u00eds, por lo que los usuarios y clientes deber\u00e1n adelantar o posponer las operaciones de la jornada\u201d<\/strong>, inform\u00f3 Fernanda Capovilla, secretaria adjunta de la comisi\u00f3n gremial interna.<\/p>\n<p><a href=\"https:\/\/www.visionweb.com.ar\/wp-content\/uploads\/2023\/03\/banco-supervielle.bmp\"><img loading=\"lazy\" decoding=\"async\" class=\"size-medium wp-image-10029 alignleft\" src=\"https:\/\/www.visionweb.com.ar\/wp-content\/uploads\/2023\/03\/banco-supervielle-300x165.jpg\" alt=\"\" width=\"300\" height=\"165\" srcset=\"https:\/\/www.visionweb.com.ar\/wp-content\/uploads\/2023\/03\/banco-supervielle-300x165.jpg 300w, https:\/\/www.visionweb.com.ar\/wp-content\/uploads\/2023\/03\/banco-supervielle.bmp 456w\" sizes=\"auto, (max-width: 300px) 100vw, 300px\" \/><\/a>La medida se realiza<strong>\u00a0<\/strong><strong>\u201cen reclamo por el pago de un bono anual constituido con el que cuentan hace a\u00f1os quienes trabajan en la entidad, adem\u00e1s de la falta de personal que afecta la salud f\u00edsica y mental y un premio a la trayectoria que se adeuda desde el a\u00f1o 2022\u201d<\/strong>, explic\u00f3 por su parte el titular de la interna del Supervielle, Leandro Tobalina, en un comunicado. <strong>(VW)<\/strong><\/p>\n<p>&nbsp;<\/p>\n","protected":false},"excerpt":{"rendered":"<p>El paro bancario de hoy afectar\u00e1 a todas las sucursales de esa firma y se anular\u00e1 la atenci\u00f3n virtual. Reclaman la falta de liquidaci\u00f3n de un bono anual, entre otras\u00a0 demandas generales.\u00a0<\/p>\n","protected":false},"author":4,"featured_media":10029,"comment_status":"closed","ping_status":"closed","sticky":false,"template":"","format":"standard","meta":{"_monsterinsights_skip_tracking":false,"_monsterinsights_sitenote_active":false,"_monsterinsights_sitenote_note":"","_monsterinsights_sitenote_category":0,"footnotes":""},"categories":[8,4],"tags":[4165,4163,4164,3541],"class_list":["post-10026","post","type-post","status-publish","format-standard","has-post-thumbnail","hentry","category-interes-general","category-politica","tag-ab","tag-banco-supervielle","tag-paro-24-horas","tag-reclamo-salarial"],"_links":{"self":[{"href":"https:\/\/www.visionweb.com.ar\/index.php?rest_route=\/wp\/v2\/posts\/10026","targetHints":{"allow":["GET"]}}],"collection":[{"href":"https:\/\/www.visionweb.com.ar\/index.php?rest_route=\/wp\/v2\/posts"}],"about":[{"href":"https:\/\/www.visionweb.com.ar\/index.php?rest_route=\/wp\/v2\/types\/post"}],"author":[{"embeddable":true,"href":"https:\/\/www.visionweb.com.ar\/index.php?rest_route=\/wp\/v2\/users\/4"}],"replies":[{"embeddable":true,"href":"https:\/\/www.visionweb.com.ar\/index.php?rest_route=%2Fwp%2Fv2%2Fcomments&post=10026"}],"version-history":[{"count":2,"href":"https:\/\/www.visionweb.com.ar\/index.php?rest_route=\/wp\/v2\/posts\/10026\/revisions"}],"predecessor-version":[{"id":10030,"href":"https:\/\/www.visionweb.com.ar\/index.php?rest_route=\/wp\/v2\/posts\/10026\/revisions\/10030"}],"wp:featuredmedia":[{"embeddable":true,"href":"https:\/\/www.visionweb.com.ar\/index.php?rest_route=\/wp\/v2\/media\/10029"}],"wp:attachment":[{"href":"https:\/\/www.visionweb.com.ar\/index.php?rest_route=%2Fwp%2Fv2%2Fmedia&parent=10026"}],"wp:term":[{"taxonomy":"category","embeddable":true,"href":"https:\/\/www.visionweb.com.ar\/index.php?rest_route=%2Fwp%2Fv2%2Fcategories&post=10026"},{"taxonomy":"post_tag","embeddable":true,"href":"https:\/\/www.visionweb.com.ar\/index.php?rest_route=%2Fwp%2Fv2%2Ftags&post=10026"}],"curies":[{"name":"wp","href":"https:\/\/api.w.org\/{rel}","templated":true}]}}