{"id":10022,"date":"2023-03-17T10:24:47","date_gmt":"2023-03-17T13:24:47","guid":{"rendered":"https:\/\/www.visionweb.com.ar\/?p=10022"},"modified":"2023-03-17T10:24:47","modified_gmt":"2023-03-17T13:24:47","slug":"sin-agua-en-el-conurbano-sur-la-responsable-es-aysa-o-edesur","status":"publish","type":"post","link":"https:\/\/www.visionweb.com.ar\/?p=10022","title":{"rendered":"Sin agua en el conurbano sur: La responsable es AySA o Edesur?"},"content":{"rendered":"<p><em><strong>Qui\u00e9n podr\u00e1 ayudarnos? La titular de AySA responsabiliz\u00f3 a Edesur. Hubo corte de electricidad en una estaci\u00f3n elevadora de Quilmes.<\/strong><\/em><strong>\u00a0<\/strong><!--more--><\/p>\n<div id=\"attachment_10024\" style=\"width: 310px\" class=\"wp-caption alignright\"><img loading=\"lazy\" decoding=\"async\" aria-describedby=\"caption-attachment-10024\" class=\"wp-image-10024 size-medium\" src=\"https:\/\/www.visionweb.com.ar\/wp-content\/uploads\/2023\/03\/aysa-quilmes-300x221.jpg\" alt=\"\" width=\"300\" height=\"221\" srcset=\"https:\/\/www.visionweb.com.ar\/wp-content\/uploads\/2023\/03\/aysa-quilmes-300x221.jpg 300w, https:\/\/www.visionweb.com.ar\/wp-content\/uploads\/2023\/03\/aysa-quilmes.bmp 354w\" sizes=\"auto, (max-width: 300px) 100vw, 300px\" \/><p id=\"caption-attachment-10024\" class=\"wp-caption-text\">Estaci\u00f3n Elevadora Quilmes. Foto Twitter AySA<\/p><\/div>\n<p><strong>L<\/strong>a empresa Agua y Saneamientos Argentinos (<strong>AySA<\/strong>) inform\u00f3 mediante un comunicado, que <strong>la falta de suministro de agua en los partidos de Almirante Brown, Quilmes, Lomas de Zamora y Avellaneda desde ayer es debido a la interrupci\u00f3n del suministro el\u00e9ctrico en la Estaci\u00f3n Elevadora Quilmes.<\/strong><\/p>\n<p>En tanto,<strong> Malena Galmarini<\/strong>, titular de AySA <strong>responsabiliz\u00f3 a Edesur<\/strong> por no solucionar \u201cel problema de energ\u00eda que afecta directamente a plantas\u201d potabilizadoras.<\/p>\n<p><strong>\u201cEs una verg\u00fcenza<\/strong>\u00a0<strong>que la empresa Edesur no solucione el problema de energ\u00eda<\/strong> que afecta directamente a plantas y establecimientos de AySA dejando a tantas usuarias y usuarios sin servicio\u201d, expres\u00f3 en <strong>Twitter Galmarini<\/strong>.<\/p>\n<p>A la vez, mediante un comunicado la prestataria indic\u00f3: \u00a0\u201cAySA informa que, debido a la interrupci\u00f3n en el suministro el\u00e9ctrico en la Estaci\u00f3n Elevadora Quilmes, se registra una afectaci\u00f3n en el normal funcionamiento del servicio de agua potable en algunas zonas de los partidos de Almirante Brown, Avellaneda, Lomas de Zamora y Quilmes\u201d.<\/p>\n<p>Por otra parte, el documento se\u00f1al\u00f3 que sus \u201csistemas de producci\u00f3n y distribuci\u00f3n de agua son electrodependientes, y ante los cortes de energ\u00eda, se pueden ver perjudicados\u201d.<\/p>\n<p>AySA recuerda a los vecinos y vecinas que podr\u00e1n comunicarse al<a href=\"tel:+541108003212482\">0800-321-AGUA (2482)<\/a>\u00a0\u00a0durante las 24 horas,\u00a0\u00a0<a href=\"https:\/\/wa.me\/5491159845794\">WhatsApp: 11-5984-5794<\/a>\u00a0o en los canales oficiales de\u00a0\u00a0<a href=\"https:\/\/www.instagram.com\/aysa.oficial\/\">Instagram: @aysa.oficial<\/a>\u00a0,\u00a0\u00a0<a href=\"https:\/\/twitter.com\/AySA_Oficial\">Twitter: @aysa_oficial<\/a>\u00a0,\u00a0\u00a0<a href=\"https:\/\/www.facebook.com\/AySA.Argentina\/\">Facebook: AySA.Argentina<\/a>,\u00a0\u00a0<a href=\"https:\/\/telegram.me\/AySA_Oficial_bot\">Telegram: @AySA_Oficial_bot<\/a>\u00a0o por el chat-bot en el sitio web\u00a0\u00a0<a href=\"http:\/\/www.aysa.com.ar\/\">www.aysa.com.ar<\/a>\u00a0de 6 a 24hs.\u00a0 <strong>(VW)<\/strong><\/p>\n","protected":false},"excerpt":{"rendered":"<p>Qui\u00e9n podr\u00e1 ayudarnos? La titular de AySA responsabiliz\u00f3 a Edesur. Hubo corte de electricidad en una estaci\u00f3n elevadora de Quilmes.\u00a0<\/p>\n","protected":false},"author":4,"featured_media":10024,"comment_status":"closed","ping_status":"closed","sticky":false,"template":"","format":"standard","meta":{"_monsterinsights_skip_tracking":false,"_monsterinsights_sitenote_active":false,"_monsterinsights_sitenote_note":"","_monsterinsights_sitenote_category":0,"footnotes":""},"categories":[8],"tags":[787,276,4161,2726,4162],"class_list":["post-10022","post","type-post","status-publish","format-standard","has-post-thumbnail","hentry","category-interes-general","tag-aysa","tag-edesur","tag-estacion-elevsdora-quilmes","tag-galmarini","tag-sin-agua"],"_links":{"self":[{"href":"https:\/\/www.visionweb.com.ar\/index.php?rest_route=\/wp\/v2\/posts\/10022","targetHints":{"allow":["GET"]}}],"collection":[{"href":"https:\/\/www.visionweb.com.ar\/index.php?rest_route=\/wp\/v2\/posts"}],"about":[{"href":"https:\/\/www.visionweb.com.ar\/index.php?rest_route=\/wp\/v2\/types\/post"}],"author":[{"embeddable":true,"href":"https:\/\/www.visionweb.com.ar\/index.php?rest_route=\/wp\/v2\/users\/4"}],"replies":[{"embeddable":true,"href":"https:\/\/www.visionweb.com.ar\/index.php?rest_route=%2Fwp%2Fv2%2Fcomments&post=10022"}],"version-history":[{"count":2,"href":"https:\/\/www.visionweb.com.ar\/index.php?rest_route=\/wp\/v2\/posts\/10022\/revisions"}],"predecessor-version":[{"id":10025,"href":"https:\/\/www.visionweb.com.ar\/index.php?rest_route=\/wp\/v2\/posts\/10022\/revisions\/10025"}],"wp:featuredmedia":[{"embeddable":true,"href":"https:\/\/www.visionweb.com.ar\/index.php?rest_route=\/wp\/v2\/media\/10024"}],"wp:attachment":[{"href":"https:\/\/www.visionweb.com.ar\/index.php?rest_route=%2Fwp%2Fv2%2Fmedia&parent=10022"}],"wp:term":[{"taxonomy":"category","embeddable":true,"href":"https:\/\/www.visionweb.com.ar\/index.php?rest_route=%2Fwp%2Fv2%2Fcategories&post=10022"},{"taxonomy":"post_tag","embeddable":true,"href":"https:\/\/www.visionweb.com.ar\/index.php?rest_route=%2Fwp%2Fv2%2Ftags&post=10022"}],"curies":[{"name":"wp","href":"https:\/\/api.w.org\/{rel}","templated":true}]}}