{"id":10018,"date":"2023-03-17T09:47:42","date_gmt":"2023-03-17T12:47:42","guid":{"rendered":"https:\/\/www.visionweb.com.ar\/?p=10018"},"modified":"2023-03-17T09:47:42","modified_gmt":"2023-03-17T12:47:42","slug":"paro-de-colectivos-hasta-el-mediodia-en-el-amba-y-otras-ciudades","status":"publish","type":"post","link":"https:\/\/www.visionweb.com.ar\/?p=10018","title":{"rendered":"Paro de colectivos hasta el mediod\u00eda en el AMBA y otras ciudades"},"content":{"rendered":"<p><em><strong>80 l\u00edneas paran hoy en el AMBA como medida de fuerza por un reclamo que lleva a cabo el Grupo DOTA. Tambi\u00e9n se replicar\u00e1 en\u00a0Mar del Plata\u00a0y en ciudades de provincias como\u00a0Santa Fe, C\u00f3rdoba, Santiago del Estero y Jujuy.<\/strong><\/em><!--more--><\/p>\n<p><strong><img loading=\"lazy\" decoding=\"async\" class=\"size-medium wp-image-10020 alignright\" src=\"https:\/\/www.visionweb.com.ar\/wp-content\/uploads\/2023\/03\/colectivo-10-255x300.jpg\" alt=\"\" width=\"255\" height=\"300\" srcset=\"https:\/\/www.visionweb.com.ar\/wp-content\/uploads\/2023\/03\/colectivo-10-255x300.jpg 255w, https:\/\/www.visionweb.com.ar\/wp-content\/uploads\/2023\/03\/colectivo-10.bmp 283w\" sizes=\"auto, (max-width: 255px) 100vw, 255px\" \/>D<\/strong>esde las cero horas hay\u00a0<strong>paro de colectivos en el \u00c1rea Metropolitana de Buenos Aires<\/strong>\u00a0(AMBA) y en diferentes ciudades del pa\u00eds, que finaliza este mediod\u00eda, convocado por una <strong>rama disidente de la Uni\u00f3n Tranviarios Automotor<\/strong> (UTA) nucleada en la <strong>\u201cLista Azul Juan Manuel Palacio\u201d<\/strong>, en reclamo de mejoras salariales y ante la \u201cfalta de respuestas\u201d del Ministerio de Trabajo.<\/p>\n<p>Seg\u00fan indicaron, <strong>exigen el reconocimiento de las autoridades electas<\/strong> en distintas seccionales y que, a su vez, respeten los fallos judiciales al respecto. Mientras que tambi\u00e9n, solicitan un\u00a0<strong>salario b\u00e1sico de $ 350.000 en todas las regiones del pa\u00eds.<\/strong><\/p>\n<p>La medida de fuerza regir\u00e1 en, al menos,\u00a0<strong>80 l\u00edneas del AMBA.<\/strong>\u00a0Mientras que tambi\u00e9n se replicar\u00e1 en\u00a0<strong>Mar del Plata<\/strong>\u00a0y diferentes ciudades de provincias como\u00a0<strong>Santa Fe, C\u00f3rdoba, Santiago del Estero y Jujuy.<\/strong><\/p>\n<p><strong>\u201cParamos porque, entre gallos y medianoches, la conducci\u00f3n de la UTA, sin consultar con las bases, viene desde hace ya a\u00f1os firmando acuerdos salariales de miseria y ha logrado pulverizar nuestros salarios, reduciendo su poder adquisitivo a un 50% de lo que deber\u00eda ser\u201d<\/strong>, anunci\u00f3 la agrupaci\u00f3n, enfrentada a la conducci\u00f3n del gremio que dirige Roberto Fern\u00e1ndez.<\/p>\n<p>Las l\u00edneas principales afectadas por la huelga movilizan a unas 15 millones de personas al mes, son: <strong>5, 6, 7, 8, 9, 10, 20, 21, 23, 24, 25, 28, 31, 44, 50, 51, 56, 57, 74, 76, 79, 84, 91, 99, 101, 106, 107, 108, 117, 130, 135, 146, 150, 161, 164, 168, 177 y 188 y, en el \u00e1mbito provincial, la 256, 263, 271, 299, 370, 373, 384, 385, 388, 403, 405, 421, 429, 435, 540 y 543<\/strong>.<\/p>\n<p><strong>La interna:<\/strong> En su anuncio de la protesta, el sector denunci\u00f3 que \u201chace tres a\u00f1os la conducci\u00f3n corrupta de la UTA viene firmando acuerdos que <strong>habilitan ilegalmente la aplicaci\u00f3n del art\u00edculo 223 bis de la ley de Contrato de Trabajo<\/strong>, que establece que para los trabajadores de todo el pa\u00eds -excluido el AMBA- el 88% del sueldo no es remuneraci\u00f3n salvo a los fines de la cuota sindical, la cuota de promoci\u00f3n para el sindicato, la cuota solidaria para el sindicato y los aportes a la obra social de la UTA, aunque los compa\u00f1eros est\u00e9n en otra obra social\u201d.<\/p>\n<p><strong>\u00a0<\/strong><strong>\u201cNos pagan como si no trabaj\u00e1ramos, as\u00ed que nos abstendremos de hacerlo\u201d, advirti\u00f3 esa fracci\u00f3n, que a nivel nacional conducen Miguel Bustinduy y Osvaldo Agrafogo.<\/strong><\/p>\n<p>La organizaci\u00f3n se\u00f1al\u00f3 que el art\u00edculo 223 bis \u201cconstituye en estas condiciones un latrocinio, un robo, una manifiesta ilegalidad que quita el salario deferido de los trabajadores de la actividad, conden\u00e1ndolos a una jubilaci\u00f3n ruinosa porque los aportes y las contribuciones a la seguridad social se realizan s\u00f3lo sobre el 12% del salario real\u201d.<\/p>\n<p>As\u00ed, apunt\u00f3 contra esa \u201cmaniobra ilegal\u201d que \u201cenriquece a empresarios inescrupulosos y dirigentes sindicales corruptos\u201d.<\/p>\n<p>Tambi\u00e9n denunci\u00f3 la Lista Azul que, pese a haberse impuesto en elecciones gremiales de cinco seccionales del pa\u00eds -Mar del Plata, Santa Fe, C\u00f3rdoba, Santiago del Estero y Tucum\u00e1n-, y \u201ca pesar de que la Justicia lo viene ordenando desde hace m\u00e1s de dos meses\u201d, la conducci\u00f3n de la UTA \u201cno quiere ponerlos en posesi\u00f3n y se vale para ello de la pasividad de un ministerio que no funciona\u201d.<\/p>\n<p>La agrupaci\u00f3n <strong>Juan Manuel Palacios<\/strong> record\u00f3 adem\u00e1s que el martes \u00faltimo Bustinduy llev\u00f3 a cabo un acampe en una de las sedes del Ministerio de Trabajo de la ciudad de Buenos Aires en reclamo de la regularizaci\u00f3n de las seccionales.<\/p>\n<p>En tanto, y en contrapartida,\u00a0<strong>el Consejo Directivo Nacional de la UTA anunci\u00f3 que \u201cno ha dispuesto paro, ni medida de acci\u00f3n gremial alguna\u201d<\/strong>.<\/p>\n<p>Y\u00a0<strong>calificaron de \u201clamentable que un peque\u00f1o grupo de personas, identificadas con la lista que perdi\u00f3 las elecciones, pretenda la utilizaci\u00f3n de los trabajadores, teniendo a los usuarios de rehenes de sus intereses<\/strong>, en una supuesta medida que no se encuentra avalada por la entidad sindical, reiteramos, con el \u00fanico objetivo de generar descuentos a los haberes de los trabajadores\u201d.<\/p>\n<p>\u201cCompa\u00f1eros en la vida hay que elegir, y en la UTA elegimos defender a los trabajadores con la verdad, porque conocer la Verdad nos har\u00e1 Libres\u201d, finaliza el comunicado del gremio conducido por Roberto Carlos Fern\u00e1ndez. <strong>(VW)<\/strong><\/p>\n<p>&nbsp;<\/p>\n","protected":false},"excerpt":{"rendered":"<p>80 l\u00edneas paran hoy en el AMBA como medida de fuerza por un reclamo que lleva a cabo el Grupo DOTA. Tambi\u00e9n se replicar\u00e1 en\u00a0Mar del Plata\u00a0y en ciudades de provincias como\u00a0Santa Fe, C\u00f3rdoba,&#46;&#46;&#46;<\/p>\n","protected":false},"author":4,"featured_media":10020,"comment_status":"closed","ping_status":"closed","sticky":false,"template":"","format":"standard","meta":{"_monsterinsights_skip_tracking":false,"_monsterinsights_sitenote_active":false,"_monsterinsights_sitenote_note":"","_monsterinsights_sitenote_category":0,"footnotes":""},"categories":[4,5],"tags":[4159,4160,4158,833,2697],"class_list":["post-10018","post","type-post","status-publish","format-standard","has-post-thumbnail","hentry","category-politica","category-sociedad","tag-grupo-dota","tag-juan-anuel-palacio","tag-lista-azul","tag-paro-de-colectivos","tag-uta"],"_links":{"self":[{"href":"https:\/\/www.visionweb.com.ar\/index.php?rest_route=\/wp\/v2\/posts\/10018","targetHints":{"allow":["GET"]}}],"collection":[{"href":"https:\/\/www.visionweb.com.ar\/index.php?rest_route=\/wp\/v2\/posts"}],"about":[{"href":"https:\/\/www.visionweb.com.ar\/index.php?rest_route=\/wp\/v2\/types\/post"}],"author":[{"embeddable":true,"href":"https:\/\/www.visionweb.com.ar\/index.php?rest_route=\/wp\/v2\/users\/4"}],"replies":[{"embeddable":true,"href":"https:\/\/www.visionweb.com.ar\/index.php?rest_route=%2Fwp%2Fv2%2Fcomments&post=10018"}],"version-history":[{"count":2,"href":"https:\/\/www.visionweb.com.ar\/index.php?rest_route=\/wp\/v2\/posts\/10018\/revisions"}],"predecessor-version":[{"id":10021,"href":"https:\/\/www.visionweb.com.ar\/index.php?rest_route=\/wp\/v2\/posts\/10018\/revisions\/10021"}],"wp:featuredmedia":[{"embeddable":true,"href":"https:\/\/www.visionweb.com.ar\/index.php?rest_route=\/wp\/v2\/media\/10020"}],"wp:attachment":[{"href":"https:\/\/www.visionweb.com.ar\/index.php?rest_route=%2Fwp%2Fv2%2Fmedia&parent=10018"}],"wp:term":[{"taxonomy":"category","embeddable":true,"href":"https:\/\/www.visionweb.com.ar\/index.php?rest_route=%2Fwp%2Fv2%2Fcategories&post=10018"},{"taxonomy":"post_tag","embeddable":true,"href":"https:\/\/www.visionweb.com.ar\/index.php?rest_route=%2Fwp%2Fv2%2Ftags&post=10018"}],"curies":[{"name":"wp","href":"https:\/\/api.w.org\/{rel}","templated":true}]}}