{"id":10016,"date":"2023-03-16T13:30:30","date_gmt":"2023-03-16T16:30:30","guid":{"rendered":"https:\/\/www.visionweb.com.ar\/?p=10016"},"modified":"2023-03-16T13:30:30","modified_gmt":"2023-03-16T16:30:30","slug":"futbol-empieza-la-carrera-de-ventas-de-entradas-para-ver-a-la-seleccion","status":"publish","type":"post","link":"https:\/\/www.visionweb.com.ar\/?p=10016","title":{"rendered":"F\u00fatbol: Empieza la carrera de ventas de entradas para ver a la Selecci\u00f3n"},"content":{"rendered":"<p><em><strong>La Selecci\u00f3n Argentina frente a Panam\u00e1: Entradas generales a 12 mil pesos. Se larga la venta hoy.<\/strong><\/em><!--more--><\/p>\n<p><strong><img loading=\"lazy\" decoding=\"async\" class=\"size-medium wp-image-8726 alignright\" src=\"https:\/\/www.visionweb.com.ar\/wp-content\/uploads\/2022\/12\/la-copa-la-seleccion-300x207.jpg\" alt=\"\" width=\"300\" height=\"207\" srcset=\"https:\/\/www.visionweb.com.ar\/wp-content\/uploads\/2022\/12\/la-copa-la-seleccion-300x207.jpg 300w, https:\/\/www.visionweb.com.ar\/wp-content\/uploads\/2022\/12\/la-copa-la-seleccion.bmp 694w\" sizes=\"auto, (max-width: 300px) 100vw, 300px\" \/>\u00a0 E<\/strong>l sitio oficial de <strong>AFA<\/strong> inform\u00f3 \u00a0los valores de las entradas para ver a la <strong>Selecci\u00f3n<\/strong> <strong>Argentina<\/strong>\u00a0enfrentarse a Panam\u00e1 en lo que se denomin\u00f3 \u00ab<strong>La<\/strong> <strong>Fiesta<\/strong> <strong>de<\/strong> <strong>los<\/strong> <strong>campeones<\/strong>\u00bb y adem\u00e1s confirm\u00f3 \u00a0que desde este jueves a las 14 se abre.<\/p>\n<p>Quienes quieran estar en el primer reencuentro de la <strong>Scaloneta<\/strong>, en lo que ser\u00e1 la primera defensa oficial del t\u00edtulo de campe\u00f3n del mundo, deber\u00e1n preparar el bolsillo ya que las entradas generales tendr\u00e1n un valor de 12.000 pesos, lejos de los 5mil o los 8 mil que se preve\u00edan en alg\u00fan momento.<\/p>\n<p>Por su parte, el d\u00eda de la venta ser\u00e1 este jueves 16 desde las 14 horas a trav\u00e9s del sitio Deportick, \u00a0encargado de los eventos de la albiceleste<\/p>\n<p>Cu\u00e1nto cuestan las entradas para el 23 de marzo: General: $12.000, Menores de 10: $ 7.000.<\/p>\n<p>Otras:<\/p>\n<p>S\u00edvori y Cent. Media: $24.000<\/p>\n<p>San Mart\u00edn y Belgrano Alta: $24.000<\/p>\n<p>San Mart\u00edn y Belgrano Baja: $48.000<\/p>\n<p>San Mart\u00edn y Belgrano Media: $49.000<\/p>\n<p><strong>Ventas<\/strong>: Exclusivamente por Deportick:<a href=\"https:\/\/www.deportick.com\/\">\u00a0www.deportick.com<\/a><\/p>\n<p><strong>A partir del Jueves 16\/03, desde 14 hs. S\u00f3lo WEB<\/strong><\/p>\n<p><strong>Menores<\/strong>: A partir de 3 a\u00f1os abonan <strong>PLATEA<\/strong> (Completa).<\/p>\n<p><strong>Discapacitados<\/strong>: Deben gestionar su ingreso en www.deportick.com hasta el cupo establecido. El d\u00eda del partido NO tendr\u00e1n ingreso los que no hayan gestionado y retirado con anticipaci\u00f3n su entrada.<\/p>\n<p>Apertura del estadio: 5 horas antes del inicio del partido, con horario a confirmar. Se deber\u00e1 concurrir con la suficiente antelaci\u00f3n. <strong>(VW)<\/strong><\/p>\n<p>&nbsp;<\/p>\n","protected":false},"excerpt":{"rendered":"<p>La Selecci\u00f3n Argentina frente a Panam\u00e1: Entradas generales a 12 mil pesos. Se larga la venta hoy.<\/p>\n","protected":false},"author":4,"featured_media":8726,"comment_status":"closed","ping_status":"closed","sticky":false,"template":"","format":"standard","meta":{"_monsterinsights_skip_tracking":false,"_monsterinsights_sitenote_active":false,"_monsterinsights_sitenote_note":"","_monsterinsights_sitenote_category":0,"footnotes":""},"categories":[8],"tags":[4156,4157,163],"class_list":["post-10016","post","type-post","status-publish","format-standard","has-post-thumbnail","hentry","category-interes-general","tag-argentina-vs-panama","tag-entradas","tag-seleccion"],"_links":{"self":[{"href":"https:\/\/www.visionweb.com.ar\/index.php?rest_route=\/wp\/v2\/posts\/10016","targetHints":{"allow":["GET"]}}],"collection":[{"href":"https:\/\/www.visionweb.com.ar\/index.php?rest_route=\/wp\/v2\/posts"}],"about":[{"href":"https:\/\/www.visionweb.com.ar\/index.php?rest_route=\/wp\/v2\/types\/post"}],"author":[{"embeddable":true,"href":"https:\/\/www.visionweb.com.ar\/index.php?rest_route=\/wp\/v2\/users\/4"}],"replies":[{"embeddable":true,"href":"https:\/\/www.visionweb.com.ar\/index.php?rest_route=%2Fwp%2Fv2%2Fcomments&post=10016"}],"version-history":[{"count":1,"href":"https:\/\/www.visionweb.com.ar\/index.php?rest_route=\/wp\/v2\/posts\/10016\/revisions"}],"predecessor-version":[{"id":10017,"href":"https:\/\/www.visionweb.com.ar\/index.php?rest_route=\/wp\/v2\/posts\/10016\/revisions\/10017"}],"wp:featuredmedia":[{"embeddable":true,"href":"https:\/\/www.visionweb.com.ar\/index.php?rest_route=\/wp\/v2\/media\/8726"}],"wp:attachment":[{"href":"https:\/\/www.visionweb.com.ar\/index.php?rest_route=%2Fwp%2Fv2%2Fmedia&parent=10016"}],"wp:term":[{"taxonomy":"category","embeddable":true,"href":"https:\/\/www.visionweb.com.ar\/index.php?rest_route=%2Fwp%2Fv2%2Fcategories&post=10016"},{"taxonomy":"post_tag","embeddable":true,"href":"https:\/\/www.visionweb.com.ar\/index.php?rest_route=%2Fwp%2Fv2%2Ftags&post=10016"}],"curies":[{"name":"wp","href":"https:\/\/api.w.org\/{rel}","templated":true}]}}