{"id":10009,"date":"2023-03-16T11:55:22","date_gmt":"2023-03-16T14:55:22","guid":{"rendered":"https:\/\/www.visionweb.com.ar\/?p=10009"},"modified":"2023-03-16T11:55:22","modified_gmt":"2023-03-16T14:55:22","slug":"cortes-de-calles-y-protestas-en-lanus-miles-de-usuarios-sin-luz","status":"publish","type":"post","link":"https:\/\/www.visionweb.com.ar\/?p=10009","title":{"rendered":"Cortes de calles y protestas en Lan\u00fas: Miles de usuarios sin luz"},"content":{"rendered":"<p><em><strong>Seg\u00fan la informaci\u00f3n oficial,\u00a011.864 hogares estaban sin suministro en Lan\u00fas. Hoy los vecinos har\u00e1n un ruidazo frente a la sede de Edesur en Hip\u00f3lito Yrigoyen 4636, aluden que es por la falta de inversi\u00f3n. A la vez, se agrava en algunas zonas por la falta de suministro de agua. <\/strong><\/em><!--more--><\/p>\n<p><img loading=\"lazy\" decoding=\"async\" class=\"size-medium wp-image-9974 alignright\" src=\"https:\/\/www.visionweb.com.ar\/wp-content\/uploads\/2023\/03\/cortes-de-luz-5-300x158.jpg\" alt=\"\" width=\"300\" height=\"158\" srcset=\"https:\/\/www.visionweb.com.ar\/wp-content\/uploads\/2023\/03\/cortes-de-luz-5-300x158.jpg 300w, https:\/\/www.visionweb.com.ar\/wp-content\/uploads\/2023\/03\/cortes-de-luz-5.bmp 410w\" sizes=\"auto, (max-width: 300px) 100vw, 300px\" \/>\u00a0 \u00a0<strong>E<\/strong>l <strong>Ente Nacional Regulador de la Energ\u00eda El\u00e9ctrica (ENRE) indic\u00f3 que a las 19.50 de ayer, m\u00e1s de 95.000 clientes segu\u00edan sin suministro\u00a0<\/strong>el\u00e9ctrico en el \u00e1rea de concesi\u00f3n de Edesur.<\/p>\n<p>Esta situaci\u00f3n es acuciante y se repite en los distritos, ya que seg\u00fan la informaci\u00f3n oficial\u00a0<strong>11.864 hogares estaban sin suministro en Lan\u00fas,\u00a0<\/strong>distribuidos entre las localidades de Gerli (3054), Remedios de Escalada (2497), Monte Chingolo (1087), Lan\u00fas Este (1194) y Oeste (3076).<\/p>\n<p>Las redes sociales fueron la caja de resonancia ante la falta de respuestas, con el agravante en algunas zonas por la falta de<strong> suministro de agua<\/strong>.<\/p>\n<p>Al respecto, en varias esquinas\u00a0<strong>hubo cortes de calles con quema de neum\u00e1ticos y protestas que se multiplicaron en la localidad.<\/strong><\/p>\n<p><strong>Esteban Echeverr\u00eda suma, por su lado, 7090 clientes sin suministro el\u00e9ctrico<\/strong>, la gran mayor\u00eda en Monte Grande.<\/p>\n<p>En tanto, en\u00a0<strong>Avellaneda esta situaci\u00f3n afecta a 7052\u00a0<\/strong>clientes de las localidades de Sarand\u00ed, Wilde, Gerli y del centro del distrito.<\/p>\n<p><strong>En Lomas de Zamora<\/strong>,<strong> 6222 eran anoche los clientes sin suministro el\u00e9ctrico. Mientras que en Ezeiza que suma 5722 clientes\u00a0<\/strong>sin suministro.<\/p>\n<p>Por su parte,\u00a0<strong>Almirante Brown registraba en la noche 4956 hogares sin suministro\u00a0<\/strong>concentrados especialmente entre Adrogu\u00e9 (4406) y Burzaco (549). <strong>(VW)<\/strong><\/p>\n","protected":false},"excerpt":{"rendered":"<p>Seg\u00fan la informaci\u00f3n oficial,\u00a011.864 hogares estaban sin suministro en Lan\u00fas. Hoy los vecinos har\u00e1n un ruidazo frente a la sede de Edesur en Hip\u00f3lito Yrigoyen 4636, aluden que es por la falta de inversi\u00f3n.&#46;&#46;&#46;<\/p>\n","protected":false},"author":4,"featured_media":9974,"comment_status":"closed","ping_status":"closed","sticky":false,"template":"","format":"standard","meta":{"_monsterinsights_skip_tracking":false,"_monsterinsights_sitenote_active":false,"_monsterinsights_sitenote_note":"","_monsterinsights_sitenote_category":0,"footnotes":""},"categories":[8],"tags":[1600,276,19,653],"class_list":["post-10009","post","type-post","status-publish","format-standard","has-post-thumbnail","hentry","category-interes-general","tag-cortes-de-luz","tag-edesur","tag-lanus","tag-protestas"],"_links":{"self":[{"href":"https:\/\/www.visionweb.com.ar\/index.php?rest_route=\/wp\/v2\/posts\/10009","targetHints":{"allow":["GET"]}}],"collection":[{"href":"https:\/\/www.visionweb.com.ar\/index.php?rest_route=\/wp\/v2\/posts"}],"about":[{"href":"https:\/\/www.visionweb.com.ar\/index.php?rest_route=\/wp\/v2\/types\/post"}],"author":[{"embeddable":true,"href":"https:\/\/www.visionweb.com.ar\/index.php?rest_route=\/wp\/v2\/users\/4"}],"replies":[{"embeddable":true,"href":"https:\/\/www.visionweb.com.ar\/index.php?rest_route=%2Fwp%2Fv2%2Fcomments&post=10009"}],"version-history":[{"count":1,"href":"https:\/\/www.visionweb.com.ar\/index.php?rest_route=\/wp\/v2\/posts\/10009\/revisions"}],"predecessor-version":[{"id":10010,"href":"https:\/\/www.visionweb.com.ar\/index.php?rest_route=\/wp\/v2\/posts\/10009\/revisions\/10010"}],"wp:featuredmedia":[{"embeddable":true,"href":"https:\/\/www.visionweb.com.ar\/index.php?rest_route=\/wp\/v2\/media\/9974"}],"wp:attachment":[{"href":"https:\/\/www.visionweb.com.ar\/index.php?rest_route=%2Fwp%2Fv2%2Fmedia&parent=10009"}],"wp:term":[{"taxonomy":"category","embeddable":true,"href":"https:\/\/www.visionweb.com.ar\/index.php?rest_route=%2Fwp%2Fv2%2Fcategories&post=10009"},{"taxonomy":"post_tag","embeddable":true,"href":"https:\/\/www.visionweb.com.ar\/index.php?rest_route=%2Fwp%2Fv2%2Ftags&post=10009"}],"curies":[{"name":"wp","href":"https:\/\/api.w.org\/{rel}","templated":true}]}}