{"id":10007,"date":"2023-03-16T11:37:47","date_gmt":"2023-03-16T14:37:47","guid":{"rendered":"https:\/\/www.visionweb.com.ar\/?p=10007"},"modified":"2023-03-16T11:37:47","modified_gmt":"2023-03-16T14:37:47","slug":"el-enre-denuncia-al-directorio-de-edesur-por-los-cortes-de-energia","status":"publish","type":"post","link":"https:\/\/www.visionweb.com.ar\/?p=10007","title":{"rendered":"El ENRE denuncia al directorio de Edesur por los cortes de energ\u00eda"},"content":{"rendered":"<p><em><strong>El ente regulador hace la presentaci\u00f3n penal por malversaci\u00f3n, fraude en perjuicio de la administraci\u00f3n p\u00fablica y abandono de persona.<\/strong><\/em><!--more--><\/p>\n<div id=\"attachment_9582\" style=\"width: 310px\" class=\"wp-caption alignright\"><img loading=\"lazy\" decoding=\"async\" aria-describedby=\"caption-attachment-9582\" class=\"wp-image-9582 size-medium\" src=\"https:\/\/www.visionweb.com.ar\/wp-content\/uploads\/2023\/02\/edesur-basta-de-cortes-300x218.jpg\" alt=\"\" width=\"300\" height=\"218\" srcset=\"https:\/\/www.visionweb.com.ar\/wp-content\/uploads\/2023\/02\/edesur-basta-de-cortes-300x218.jpg 300w, https:\/\/www.visionweb.com.ar\/wp-content\/uploads\/2023\/02\/edesur-basta-de-cortes.bmp 444w\" sizes=\"auto, (max-width: 300px) 100vw, 300px\" \/><p id=\"caption-attachment-9582\" class=\"wp-caption-text\"><em><strong>En el sur del Gran Buenos aires y de CABA, son numerosas las zonas que desde hace d\u00edas est\u00e1n sin luz. <\/strong><\/em><\/p><\/div>\n<p><strong>\u00a0 \u00a0 \u00a0 \u00a0 E<\/strong>l Ente Nacional de Regulaci\u00f3n de la Electricidad (ENRE) denunciar\u00e1 este jueves penalmente a todo el directorio de Edesur por malversaci\u00f3n, fraude en perjuicio de la administraci\u00f3n p\u00fablica y abandono de persona.<\/p>\n<p>As\u00ed lo estableci\u00f3 la Secretar\u00eda de Energ\u00eda que tambi\u00e9n \u201cle exigi\u00f3 al ENRE que eleve el informe de estado de la concesi\u00f3n a la Comisi\u00f3n Bicameral de Seguimiento de las Concesiones de los Servicios P\u00fablicos, a fin de que aconseje si corresponde dar por terminada la concesi\u00f3n\u201d.<\/p>\n<p>Esta es la segunda vez en lo que va del a\u00f1o que el ENRE analiza el estado de situaci\u00f3n de la concesi\u00f3n de Edesur como consecuencia de los reiterados cortes de energ\u00eda que se producen en distintos barrios de la Ciudad Aut\u00f3noma de Buenos Aires (CABA) y en el sur y el sudoeste del conurbano bonaerense.<\/p>\n<p><em><strong>Las localidades bonaerenses m\u00e1s afectadas en el \u00e1rea de Edesur eran Avellaneda, Gerli, Lan\u00fas, Lomas de Zamora, Monte Chingolo, Monte Grande, Remedios de Escalada, Sarand\u00ed, Temperley y Wilde.<\/strong><\/em><\/p>\n<p>En el caso de la CABA, las zonas m\u00e1s afectadas por los cortes son<strong><em> los barrios Almagro, Balvanera, Boedo, Caballito, Flores, La Boca, Monte Castro, Nueva Pompeya, Parque Chacabuco, Recoleta; San Crist\u00f3bal, Versalles y Villa Crespo.<\/em><\/strong><\/p>\n<p>Por motivo de la falta de suministro el\u00e9ctrico, vecinos de distintos barrios de la Ciudad y el Conurbano bonaerense realizaron protestas con el fin de dar visibilidad a su reclamo por el faltante de electricidad.<\/p>\n<p>A mediados de febrero el ministro de Econom\u00eda Sergio Massa instruy\u00f3 la puesta en marcha de una veedur\u00eda del ENRE con auditor\u00eda en la distribuidora para revisar el valor del activo regulatorio, el cumplimiento del r\u00e9gimen de inversiones, los tiempos de respuesta a los usuarios y la calidad del servicio. A fines de febrero, el ENRE dio inicio a la auditor\u00eda t\u00e9cnica y el martes pasado el organismo inform\u00f3 que dentro de los pr\u00f3ximos 90 d\u00edas elevar\u00e1 un informe con las conclusiones<strong>(VW)<\/strong>.<\/p>\n","protected":false},"excerpt":{"rendered":"<p>El ente regulador hace la presentaci\u00f3n penal por malversaci\u00f3n, fraude en perjuicio de la administraci\u00f3n p\u00fablica y abandono de persona.<\/p>\n","protected":false},"author":3,"featured_media":9582,"comment_status":"closed","ping_status":"closed","sticky":false,"template":"","format":"standard","meta":{"_monsterinsights_skip_tracking":false,"_monsterinsights_sitenote_active":false,"_monsterinsights_sitenote_note":"","_monsterinsights_sitenote_category":0,"footnotes":""},"categories":[8],"tags":[277,342,4154,195,952],"class_list":["post-10007","post","type-post","status-publish","format-standard","has-post-thumbnail","hentry","category-interes-general","tag-cortes","tag-denuncia","tag-edessur","tag-energia","tag-enre"],"_links":{"self":[{"href":"https:\/\/www.visionweb.com.ar\/index.php?rest_route=\/wp\/v2\/posts\/10007","targetHints":{"allow":["GET"]}}],"collection":[{"href":"https:\/\/www.visionweb.com.ar\/index.php?rest_route=\/wp\/v2\/posts"}],"about":[{"href":"https:\/\/www.visionweb.com.ar\/index.php?rest_route=\/wp\/v2\/types\/post"}],"author":[{"embeddable":true,"href":"https:\/\/www.visionweb.com.ar\/index.php?rest_route=\/wp\/v2\/users\/3"}],"replies":[{"embeddable":true,"href":"https:\/\/www.visionweb.com.ar\/index.php?rest_route=%2Fwp%2Fv2%2Fcomments&post=10007"}],"version-history":[{"count":1,"href":"https:\/\/www.visionweb.com.ar\/index.php?rest_route=\/wp\/v2\/posts\/10007\/revisions"}],"predecessor-version":[{"id":10008,"href":"https:\/\/www.visionweb.com.ar\/index.php?rest_route=\/wp\/v2\/posts\/10007\/revisions\/10008"}],"wp:featuredmedia":[{"embeddable":true,"href":"https:\/\/www.visionweb.com.ar\/index.php?rest_route=\/wp\/v2\/media\/9582"}],"wp:attachment":[{"href":"https:\/\/www.visionweb.com.ar\/index.php?rest_route=%2Fwp%2Fv2%2Fmedia&parent=10007"}],"wp:term":[{"taxonomy":"category","embeddable":true,"href":"https:\/\/www.visionweb.com.ar\/index.php?rest_route=%2Fwp%2Fv2%2Fcategories&post=10007"},{"taxonomy":"post_tag","embeddable":true,"href":"https:\/\/www.visionweb.com.ar\/index.php?rest_route=%2Fwp%2Fv2%2Ftags&post=10007"}],"curies":[{"name":"wp","href":"https:\/\/api.w.org\/{rel}","templated":true}]}}