{"id":10004,"date":"2023-03-16T10:58:33","date_gmt":"2023-03-16T13:58:33","guid":{"rendered":"https:\/\/www.visionweb.com.ar\/?p=10004"},"modified":"2023-03-16T11:01:31","modified_gmt":"2023-03-16T14:01:31","slug":"vecinos-de-lomas-de-zamora-reclaman-mayor-frecuencia-en-las-lineas-de-colectivos","status":"publish","type":"post","link":"https:\/\/www.visionweb.com.ar\/?p=10004","title":{"rendered":"Vecinos de Lomas de Zamora reclaman mayor frecuencia en las l\u00edneas de colectivos"},"content":{"rendered":"<p><em><strong>Los reclamos pasan por la gran demora entre servicio y servicio en horas de la noche. La preocupaci\u00f3n tiene que ver tambi\u00e9n con el riesgo por la seguridad.<\/strong><\/em><\/p>\n<p><!--more--><\/p>\n<p><strong>\u00a0 \u00a0 \u00a0 \u00a0 <img loading=\"lazy\" decoding=\"async\" class=\"size-medium wp-image-10005 alignleft\" src=\"https:\/\/www.visionweb.com.ar\/wp-content\/uploads\/2023\/03\/COLECTIVOS-300x225.png\" alt=\"\" width=\"300\" height=\"225\" srcset=\"https:\/\/www.visionweb.com.ar\/wp-content\/uploads\/2023\/03\/COLECTIVOS-300x225.png 300w, https:\/\/www.visionweb.com.ar\/wp-content\/uploads\/2023\/03\/COLECTIVOS-320x240.png 320w, https:\/\/www.visionweb.com.ar\/wp-content\/uploads\/2023\/03\/COLECTIVOS.png 640w\" sizes=\"auto, (max-width: 300px) 100vw, 300px\" \/>U<\/strong>n significativo grupo de vecinos comenz\u00f3 a reunir firmas para reclamar una mejora en la frecuencia de transportes p\u00fablicos de pasajeros durante la noche, en particular las l\u00edneas que\u00a0 cumplen servicios desde las cabeceras en las estaciones ferroviarias, hasta en los suburbios del Distrito.<\/p>\n<p>En ese sentido, el concejal Jorge Villalba, de la alianza CCARI (Banfield), tom\u00f3 la posta para acompa\u00f1ar a los vecinos en su reclamo.<\/p>\n<p>\u00abLos vecinos de Lomas de Zamora est\u00e1n casados de esperar en las paradas la llegada de los colectivos y, por eso tomamos la iniciativa con el fin de juntar firmas para exigirle a las autoridades municipales la garant\u00eda del cumplimiento de las frecuencias y solicitar extender el horario de funcionamiento a toda la noche\u00bb . se\u00f1al\u00f3 el concejal Jorge Villalba<\/p>\n<p>De acuerdo con la denuncia de los vecinos, algunas l\u00edneas de colectivo tardan hasta 40 minutos en llegar a la parada, cuando no deber\u00edan superar los 10 minutos.<\/p>\n<p>El referente de la CC ARI Lomas record\u00f3 que \u201chasta hace 2 a\u00f1os, momento en que se efectuaron las nuevas licitaciones, las empresas estaban obligadas a dar servicio toda la noche, si bien muchas veces se hac\u00edan las distra\u00eddas por los escasos controles nocturnos, en la actualidad, si la cabecera de la l\u00ednea es en una estaci\u00f3n, el \u00faltimo servicio sale con el paso del \u00faltimo tren y despu\u00e9s de ese horario que le vecino se las arrgle arregle\u201d, sentenci\u00f3 Villalba<\/p>\n<p>El Edil, subi\u00f3 la vara y advirti\u00f3 que: \u201cEs el Estado Municipal el responsable del control de las frecuencias en los horarios. Los lomenses merecemos tener un transporte p\u00fablico de primer nivel para que todos podamos utilizarlo y as\u00ed mismo colaborar con ello con la menor utilizaci\u00f3n de autom\u00f3viles llevando as\u00ed a un mejor ordenamiento del tr\u00e1nsito y cuidado del ambiente\u201d.<\/p>\n<p>\u201cLos vecinos no duden, si nos acompa\u00f1an con su voto, a partir del 10 de Diciembre llevaremos un estricto control de las frecuencias, aplicaremos las sanciones que tengamos que aplicar y buscaremos ampliar el l\u00edmite del horario de funcionamiento. Si se pudo extender en carnaval, por qu\u00e9 no el resto del a\u00f1o para acompa\u00f1ar as\u00ed, a los trabajadores, a los alumnos de las universidades y a los usuarios del servicio en general\u201d sentencio Villalba en modo campa\u00f1a <strong>(VW)<\/strong><\/p>\n","protected":false},"excerpt":{"rendered":"<p>Los reclamos pasan por la gran demora entre servicio y servicio en horas de la noche. La preocupaci\u00f3n tiene que ver tambi\u00e9n con el riesgo por la seguridad.<\/p>\n","protected":false},"author":3,"featured_media":10005,"comment_status":"closed","ping_status":"closed","sticky":false,"template":"","format":"standard","meta":{"_monsterinsights_skip_tracking":false,"_monsterinsights_sitenote_active":false,"_monsterinsights_sitenote_note":"","_monsterinsights_sitenote_category":0,"footnotes":""},"categories":[4],"tags":[705,4153,179],"class_list":["post-10004","post","type-post","status-publish","format-standard","has-post-thumbnail","hentry","category-politica","tag-colectivos","tag-frecuencias","tag-horarios"],"_links":{"self":[{"href":"https:\/\/www.visionweb.com.ar\/index.php?rest_route=\/wp\/v2\/posts\/10004","targetHints":{"allow":["GET"]}}],"collection":[{"href":"https:\/\/www.visionweb.com.ar\/index.php?rest_route=\/wp\/v2\/posts"}],"about":[{"href":"https:\/\/www.visionweb.com.ar\/index.php?rest_route=\/wp\/v2\/types\/post"}],"author":[{"embeddable":true,"href":"https:\/\/www.visionweb.com.ar\/index.php?rest_route=\/wp\/v2\/users\/3"}],"replies":[{"embeddable":true,"href":"https:\/\/www.visionweb.com.ar\/index.php?rest_route=%2Fwp%2Fv2%2Fcomments&post=10004"}],"version-history":[{"count":1,"href":"https:\/\/www.visionweb.com.ar\/index.php?rest_route=\/wp\/v2\/posts\/10004\/revisions"}],"predecessor-version":[{"id":10006,"href":"https:\/\/www.visionweb.com.ar\/index.php?rest_route=\/wp\/v2\/posts\/10004\/revisions\/10006"}],"wp:featuredmedia":[{"embeddable":true,"href":"https:\/\/www.visionweb.com.ar\/index.php?rest_route=\/wp\/v2\/media\/10005"}],"wp:attachment":[{"href":"https:\/\/www.visionweb.com.ar\/index.php?rest_route=%2Fwp%2Fv2%2Fmedia&parent=10004"}],"wp:term":[{"taxonomy":"category","embeddable":true,"href":"https:\/\/www.visionweb.com.ar\/index.php?rest_route=%2Fwp%2Fv2%2Fcategories&post=10004"},{"taxonomy":"post_tag","embeddable":true,"href":"https:\/\/www.visionweb.com.ar\/index.php?rest_route=%2Fwp%2Fv2%2Ftags&post=10004"}],"curies":[{"name":"wp","href":"https:\/\/api.w.org\/{rel}","templated":true}]}}